{"id":148339,"date":"2026-02-24T12:31:03","date_gmt":"2026-02-24T15:31:03","guid":{"rendered":"https:\/\/eldiariodesanpedro.com.ar\/sitio\/?p=148339"},"modified":"2026-02-24T12:31:10","modified_gmt":"2026-02-24T15:31:10","slug":"la-libertad-avanza-san-pedro-repudio-la-denuncia-contra-mauro-de-rosa-y-pidio-un-accionar-urgente-de-la-justicia","status":"publish","type":"post","link":"https:\/\/eldiariodesanpedro.com.ar\/sitio\/la-libertad-avanza-san-pedro-repudio-la-denuncia-contra-mauro-de-rosa-y-pidio-un-accionar-urgente-de-la-justicia\/","title":{"rendered":"La Libertad Avanza San Pedro repudi\u00f3 la denuncia contra Mauro De Rosa y pidi\u00f3 un accionar urgente de la Justicia"},"content":{"rendered":"<!-- VideographyWP Plugin Message: Automatic video embedding prevented by plugin options. -->\n\n<p><strong>El espacio pol\u00edtico consider\u00f3 \u201cincompatible\u201d la permanencia del edil en el Concejo y expres\u00f3 su solidaridad con la v\u00edctima.<\/strong><\/p>\n\n\n\n<p>La agrupaci\u00f3n <strong>La Libertad Avanza San Pedro<\/strong> y su bloque de concejales manifestaron su <strong>\u201cm\u00e1s en\u00e9rgico repudio\u201d<\/strong> frente a la denuncia penal presentada contra el edil <strong>Mauro De Rosa<\/strong>, y sostuvieron que su continuidad en el Honorable Concejo Deliberante resulta <strong>\u201cincompatible con la gravedad de los hechos que se investigan\u201d<\/strong>.<\/p>\n\n\n\n<p>A trav\u00e9s de un comunicado oficial, el espacio pol\u00edtico dej\u00f3 en claro su postura institucional ante la situaci\u00f3n que gener\u00f3 fuerte repercusi\u00f3n en el \u00e1mbito pol\u00edtico local. Cabe recordar que <strong>De Rosa solicit\u00f3 licencia el lunes por la ma\u00f1ana<\/strong>, tras participar de la reuni\u00f3n de presidentes de bloque, donde adem\u00e1s ofreci\u00f3 disculpas p\u00fablicas por lo ocurrido.<\/p>\n\n\n\n<p>Desde La Libertad Avanza expresaron su <strong>plena solidaridad con la v\u00edctima<\/strong>, y se\u00f1alaron que, de acuerdo a declaraciones difundidas en un medio local, los hechos denunciados habr\u00edan sido reconocidos p\u00fablicamente por el propio acusado. En ese contexto, remarcaron que no tolerar\u00e1n este tipo de conductas y reclamaron un accionar <strong>\u201cr\u00e1pido, transparente y eficaz\u201d<\/strong> por parte de la Justicia.<\/p>\n\n\n\n<p>En el documento, la fuerza pol\u00edtica sostuvo que, m\u00e1s all\u00e1 del proceso judicial en curso, existe una <strong>\u201cresponsabilidad pol\u00edtica y \u00e9tica\u201d<\/strong> que no puede ser ignorada por las instituciones. Los referentes locales calificaron la situaci\u00f3n como de <strong>extrema gravedad<\/strong>, al considerar que los hechos denunciados afectan valores esenciales de respeto y convivencia democr\u00e1tica.<\/p>\n\n\n\n<p>Finalmente, el comunicado advirti\u00f3 que la eventual continuidad de De Rosa en el cargo implicar\u00eda que la v\u00edctima deba compartir el mismo \u00e1mbito institucional con quien fue se\u00f1alado como su agresor. Seg\u00fan argumentaron desde el bloque, esa circunstancia <strong>profundizar\u00eda el da\u00f1o y vulnerar\u00eda principios b\u00e1sicos de protecci\u00f3n y resguardo<\/strong> que deben prevalecer dentro del cuerpo legislativo.<\/p>\n\n\n\n<p>#LaLibertadAvanza #SanPedro #ConcejoDeliberante #MauroDeRosa #DenunciaPenal #PoliticaLocal #Actualidad<\/p>\n","protected":false},"excerpt":{"rendered":"<p>El espacio pol\u00edtico consider\u00f3 \u201cincompatible\u201d la permanencia del edil en el Concejo y expres\u00f3 su solidaridad con la v\u00edctima. La agrupaci\u00f3n La Libertad Avanza San Pedro y su bloque de concejales manifestaron su \u201cm\u00e1s en\u00e9rgico repudio\u201d frente a la denuncia penal presentada contra el edil Mauro De Rosa, y sostuvieron que su continuidad en el [&hellip;]<\/p>\n","protected":false},"author":4,"featured_media":148340,"comment_status":"closed","ping_status":"closed","sticky":false,"template":"","format":"standard","meta":{"om_disable_all_campaigns":false,"_jetpack_memberships_contains_paid_content":false,"footnotes":""},"categories":[50,101,2],"tags":[8939,8448,8937,8936,7740,8938,5782,8940],"class_list":["post-148339","post","type-post","status-publish","format-standard","has-post-thumbnail","hentry","category-destacadas","category-interes-general-locales","category-locales","tag-bloque-de-concejales","tag-concejo-deliberante","tag-denuncia-penal","tag-la-libertad-avanza-san-pedro","tag-mauro-de-rosa","tag-pedido-de-licencia","tag-politica-local","tag-repudio-institucional"],"aioseo_notices":[],"gutentor_comment":0,"jetpack_featured_media_url":"https:\/\/eldiariodesanpedro.com.ar\/sitio\/wp-content\/uploads\/2026\/02\/Melina-Panateri.jpg","jetpack_shortlink":"https:\/\/wp.me\/p6RhLt-CAz","jetpack_sharing_enabled":true,"_links":{"self":[{"href":"https:\/\/eldiariodesanpedro.com.ar\/sitio\/wp-json\/wp\/v2\/posts\/148339","targetHints":{"allow":["GET"]}}],"collection":[{"href":"https:\/\/eldiariodesanpedro.com.ar\/sitio\/wp-json\/wp\/v2\/posts"}],"about":[{"href":"https:\/\/eldiariodesanpedro.com.ar\/sitio\/wp-json\/wp\/v2\/types\/post"}],"author":[{"embeddable":true,"href":"https:\/\/eldiariodesanpedro.com.ar\/sitio\/wp-json\/wp\/v2\/users\/4"}],"replies":[{"embeddable":true,"href":"https:\/\/eldiariodesanpedro.com.ar\/sitio\/wp-json\/wp\/v2\/comments?post=148339"}],"version-history":[{"count":1,"href":"https:\/\/eldiariodesanpedro.com.ar\/sitio\/wp-json\/wp\/v2\/posts\/148339\/revisions"}],"predecessor-version":[{"id":148341,"href":"https:\/\/eldiariodesanpedro.com.ar\/sitio\/wp-json\/wp\/v2\/posts\/148339\/revisions\/148341"}],"wp:featuredmedia":[{"embeddable":true,"href":"https:\/\/eldiariodesanpedro.com.ar\/sitio\/wp-json\/wp\/v2\/media\/148340"}],"wp:attachment":[{"href":"https:\/\/eldiariodesanpedro.com.ar\/sitio\/wp-json\/wp\/v2\/media?parent=148339"}],"wp:term":[{"taxonomy":"category","embeddable":true,"href":"https:\/\/eldiariodesanpedro.com.ar\/sitio\/wp-json\/wp\/v2\/categories?post=148339"},{"taxonomy":"post_tag","embeddable":true,"href":"https:\/\/eldiariodesanpedro.com.ar\/sitio\/wp-json\/wp\/v2\/tags?post=148339"}],"curies":[{"name":"wp","href":"https:\/\/api.w.org\/{rel}","templated":true}]}}