{"id":148326,"date":"2026-02-23T17:43:51","date_gmt":"2026-02-23T20:43:51","guid":{"rendered":"https:\/\/eldiariodesanpedro.com.ar\/sitio\/?p=148326"},"modified":"2026-02-23T17:51:41","modified_gmt":"2026-02-23T20:51:41","slug":"edicto-de-nadin-sandra-y-vatt-juan-carlos-c-cooperativa-de-viviendas-ciudad-de-san-pedro-ltda-y-otros-s-usucapion","status":"publish","type":"post","link":"https:\/\/eldiariodesanpedro.com.ar\/sitio\/edicto-de-nadin-sandra-y-vatt-juan-carlos-c-cooperativa-de-viviendas-ciudad-de-san-pedro-ltda-y-otros-s-usucapion\/","title":{"rendered":"Edicto de Nadin Sandra y Vatt Juan Carlos c\/ Cooperativa de Viviendas ciudad de San Pedro Ltda. y otros s\/ usucapi\u00f3n"},"content":{"rendered":"<!-- VideographyWP Plugin Message: Automatic video embedding prevented by plugin options. -->\n\n<p>El Juzgado de Paz Letrado de San Pedro, cita y emplaza para que dentro del plazo de diez (10) d\u00edas comparezcan a estos autos <strong>Nadin Sandra y Vatt Juan Carlos c\/ Cooperativa De Viviendas Ciudad De San Pedro Ltda. y otros s\/ usucapi\u00f3n<\/strong>, Expte. N\u00ba 27280-16 a estar a derecho bajo apercibimiento de que si no lo hicieren, en caso de los titulares registrales y\/o sus sucesores, se nombrar\u00e1 Defensor Oficial para que los represente (arts. 681 y 682 C.P.C.C). San Pedro, 23 de febrero de 2026.-<\/p>\n\n\n\n<p>VELL\u00d3N FACUNDO<br>ABOGADO SECRETARIO<\/p>\n\n\n\n<p>(Publicaci\u00f3n v\u00e1lida para los d\u00edas\u00a0 23 y 24 de febrero de 2026)<br>https:\/\/notificaciones.scba.gov.ar\/interfazbootstrap\/textonotificacion.aspx?CodNotif=ZV9Q238A<\/p>\n","protected":false},"excerpt":{"rendered":"<p>El Juzgado de Paz Letrado de San Pedro, cita y emplaza para que dentro del plazo de diez (10) d\u00edas comparezcan a estos autos Nadin Sandra y Vatt Juan Carlos c\/ Cooperativa De Viviendas Ciudad De San Pedro Ltda. y otros s\/ usucapi\u00f3n, Expte. N\u00ba 27280-16 a estar a derecho bajo apercibimiento de que si [&hellip;]<\/p>\n","protected":false},"author":4,"featured_media":102746,"comment_status":"closed","ping_status":"closed","sticky":false,"template":"","format":"standard","meta":{"om_disable_all_campaigns":false,"_jetpack_memberships_contains_paid_content":false,"footnotes":""},"categories":[676,1124],"tags":[8931],"class_list":["post-148326","post","type-post","status-publish","format-standard","has-post-thumbnail","hentry","category-edictos","category-edictos-especiales","tag-cooperativa-de-viviendas-ciudad-de-san-pedro"],"aioseo_notices":[],"gutentor_comment":0,"jetpack_featured_media_url":"https:\/\/eldiariodesanpedro.com.ar\/sitio\/wp-content\/uploads\/2022\/01\/EDICTO.jpg","jetpack_shortlink":"https:\/\/wp.me\/p6RhLt-CAm","jetpack_sharing_enabled":true,"_links":{"self":[{"href":"https:\/\/eldiariodesanpedro.com.ar\/sitio\/wp-json\/wp\/v2\/posts\/148326","targetHints":{"allow":["GET"]}}],"collection":[{"href":"https:\/\/eldiariodesanpedro.com.ar\/sitio\/wp-json\/wp\/v2\/posts"}],"about":[{"href":"https:\/\/eldiariodesanpedro.com.ar\/sitio\/wp-json\/wp\/v2\/types\/post"}],"author":[{"embeddable":true,"href":"https:\/\/eldiariodesanpedro.com.ar\/sitio\/wp-json\/wp\/v2\/users\/4"}],"replies":[{"embeddable":true,"href":"https:\/\/eldiariodesanpedro.com.ar\/sitio\/wp-json\/wp\/v2\/comments?post=148326"}],"version-history":[{"count":2,"href":"https:\/\/eldiariodesanpedro.com.ar\/sitio\/wp-json\/wp\/v2\/posts\/148326\/revisions"}],"predecessor-version":[{"id":148330,"href":"https:\/\/eldiariodesanpedro.com.ar\/sitio\/wp-json\/wp\/v2\/posts\/148326\/revisions\/148330"}],"wp:featuredmedia":[{"embeddable":true,"href":"https:\/\/eldiariodesanpedro.com.ar\/sitio\/wp-json\/wp\/v2\/media\/102746"}],"wp:attachment":[{"href":"https:\/\/eldiariodesanpedro.com.ar\/sitio\/wp-json\/wp\/v2\/media?parent=148326"}],"wp:term":[{"taxonomy":"category","embeddable":true,"href":"https:\/\/eldiariodesanpedro.com.ar\/sitio\/wp-json\/wp\/v2\/categories?post=148326"},{"taxonomy":"post_tag","embeddable":true,"href":"https:\/\/eldiariodesanpedro.com.ar\/sitio\/wp-json\/wp\/v2\/tags?post=148326"}],"curies":[{"name":"wp","href":"https:\/\/api.w.org\/{rel}","templated":true}]}}