{"id":148324,"date":"2026-02-23T17:25:30","date_gmt":"2026-02-23T20:25:30","guid":{"rendered":"https:\/\/eldiariodesanpedro.com.ar\/sitio\/?p=148324"},"modified":"2026-02-23T17:25:34","modified_gmt":"2026-02-23T20:25:34","slug":"se-entrego-el-joven-de-18-anos-acusado-por-el-homicidio-de-agustin-pereyra","status":"publish","type":"post","link":"https:\/\/eldiariodesanpedro.com.ar\/sitio\/se-entrego-el-joven-de-18-anos-acusado-por-el-homicidio-de-agustin-pereyra\/","title":{"rendered":"Se entreg\u00f3 el joven de 18 a\u00f1os acusado por el homicidio de Agust\u00edn Pereyra"},"content":{"rendered":"<!-- VideographyWP Plugin Message: Automatic video embedding prevented by plugin options. -->\n\n<p>Kevin Carlevaris, de 18 a\u00f1os, se present\u00f3 ante la Justicia y qued\u00f3 a disposici\u00f3n de la Fiscal\u00eda por el crimen de Agust\u00edn Pereyra.<\/p>\n\n\n\n<p>En el marco de la investigaci\u00f3n por el <strong>homicidio de Agust\u00edn Pereyra<\/strong>, este lunes se present\u00f3 ante la Justicia <strong>Kevin Carlevaris, de 18 a\u00f1os<\/strong>, se\u00f1alado como presunto autor del hecho que conmociona a la comunidad.<\/p>\n\n\n\n<p>De acuerdo a la informaci\u00f3n trascendida, al momento de entregarse, el joven habr\u00eda manifestado: <strong>\u201cTengo que pagar por lo que hice\u201d<\/strong>, y agreg\u00f3: <strong>\u201cMe mataba \u00e9l o lo mataba yo\u201d<\/strong>, en referencia a las circunstancias previas al crimen.<\/p>\n\n\n\n<p>Tras ponerse a disposici\u00f3n, <strong>Carlevaris fue trasladado en patrulleros de la Estaci\u00f3n de Polic\u00eda Comunal (EPC)<\/strong>, con la intervenci\u00f3n de efectivos del <strong>Grupo T\u00e1ctico Operativo (GTO)<\/strong> y la <strong>Direcci\u00f3n Departamental de Investigaciones (DDI)<\/strong>.<\/p>\n\n\n\n<p>Actualmente, el imputado qued\u00f3 bajo la \u00f3rbita de la <strong>Fiscal\u00eda interviniente<\/strong>, que deber\u00e1 profundizar las actuaciones judiciales para determinar con precisi\u00f3n c\u00f3mo se desarrollaron los hechos y cu\u00e1l fue la mec\u00e1nica del homicidio.<\/p>\n\n\n\n<p>La causa contin\u00faa en etapa investigativa y no se descartan nuevas medidas en las pr\u00f3ximas horas.<\/p>\n\n\n\n<p>#SanPedro #Homicidio #Policiales #Justicia #Investigaci\u00f3n #AgustinPereyra #KevinCarlevaris #DDI #GTO #EPC<\/p>\n","protected":false},"excerpt":{"rendered":"<p>Kevin Carlevaris, de 18 a\u00f1os, se present\u00f3 ante la Justicia y qued\u00f3 a disposici\u00f3n de la Fiscal\u00eda por el crimen de Agust\u00edn Pereyra. En el marco de la investigaci\u00f3n por el homicidio de Agust\u00edn Pereyra, este lunes se present\u00f3 ante la Justicia Kevin Carlevaris, de 18 a\u00f1os, se\u00f1alado como presunto autor del hecho que conmociona [&hellip;]<\/p>\n","protected":false},"author":4,"featured_media":147089,"comment_status":"closed","ping_status":"closed","sticky":false,"template":"","format":"standard","meta":{"om_disable_all_campaigns":false,"_jetpack_memberships_contains_paid_content":false,"footnotes":""},"categories":[50,2,103],"tags":[8928,8930,8929,4117,8927,8013,8926,5672],"class_list":["post-148324","post","type-post","status-publish","format-standard","has-post-thumbnail","hentry","category-destacadas","category-locales","category-policiales-locales","tag-agustin-pereyra","tag-crimen-en-san-pedro","tag-entrega-voluntaria","tag-fiscalia-2","tag-homicidio-en-san-pedro","tag-investigacion-judicial","tag-kevin-carlevaris-18-anos","tag-policia-comunal"],"aioseo_notices":[],"gutentor_comment":0,"jetpack_featured_media_url":"https:\/\/eldiariodesanpedro.com.ar\/sitio\/wp-content\/uploads\/2026\/01\/file_13.jpg","jetpack_shortlink":"https:\/\/wp.me\/p6RhLt-CAk","jetpack_sharing_enabled":true,"_links":{"self":[{"href":"https:\/\/eldiariodesanpedro.com.ar\/sitio\/wp-json\/wp\/v2\/posts\/148324","targetHints":{"allow":["GET"]}}],"collection":[{"href":"https:\/\/eldiariodesanpedro.com.ar\/sitio\/wp-json\/wp\/v2\/posts"}],"about":[{"href":"https:\/\/eldiariodesanpedro.com.ar\/sitio\/wp-json\/wp\/v2\/types\/post"}],"author":[{"embeddable":true,"href":"https:\/\/eldiariodesanpedro.com.ar\/sitio\/wp-json\/wp\/v2\/users\/4"}],"replies":[{"embeddable":true,"href":"https:\/\/eldiariodesanpedro.com.ar\/sitio\/wp-json\/wp\/v2\/comments?post=148324"}],"version-history":[{"count":1,"href":"https:\/\/eldiariodesanpedro.com.ar\/sitio\/wp-json\/wp\/v2\/posts\/148324\/revisions"}],"predecessor-version":[{"id":148325,"href":"https:\/\/eldiariodesanpedro.com.ar\/sitio\/wp-json\/wp\/v2\/posts\/148324\/revisions\/148325"}],"wp:featuredmedia":[{"embeddable":true,"href":"https:\/\/eldiariodesanpedro.com.ar\/sitio\/wp-json\/wp\/v2\/media\/147089"}],"wp:attachment":[{"href":"https:\/\/eldiariodesanpedro.com.ar\/sitio\/wp-json\/wp\/v2\/media?parent=148324"}],"wp:term":[{"taxonomy":"category","embeddable":true,"href":"https:\/\/eldiariodesanpedro.com.ar\/sitio\/wp-json\/wp\/v2\/categories?post=148324"},{"taxonomy":"post_tag","embeddable":true,"href":"https:\/\/eldiariodesanpedro.com.ar\/sitio\/wp-json\/wp\/v2\/tags?post=148324"}],"curies":[{"name":"wp","href":"https:\/\/api.w.org\/{rel}","templated":true}]}}