{"id":148299,"date":"2026-02-21T13:36:00","date_gmt":"2026-02-21T16:36:00","guid":{"rendered":"https:\/\/eldiariodesanpedro.com.ar\/sitio\/?p=148299"},"modified":"2026-02-21T13:36:12","modified_gmt":"2026-02-21T16:36:12","slug":"conducia-con-153-de-alcohol-en-sangre-y-le-retuvieron-el-vehiculo-en-un-control-nocturno","status":"publish","type":"post","link":"https:\/\/eldiariodesanpedro.com.ar\/sitio\/conducia-con-153-de-alcohol-en-sangre-y-le-retuvieron-el-vehiculo-en-un-control-nocturno\/","title":{"rendered":"Conduc\u00eda con 1,53 de alcohol en sangre y le retuvieron el veh\u00edculo en un control nocturno"},"content":{"rendered":"<!-- VideographyWP Plugin Message: Automatic video embedding prevented by plugin options. -->\n\n<p>Un conductor fue detectado con 1,53 g\/l de alcohol en sangre durante un operativo nocturno. Tambi\u00e9n secuestraron una moto por maniobras peligrosas.<\/p>\n\n\n\n<p>Durante un nuevo <strong>operativo de control nocturno en San Pedro<\/strong>, personal de Tr\u00e1nsito municipal detect\u00f3 a un <strong>automovilista que circulaba con 1,53 gramos de alcohol por litro de sangre<\/strong>, superando ampliamente el l\u00edmite permitido por la normativa vigente.<\/p>\n\n\n\n<p>El procedimiento se llev\u00f3 a cabo en el marco de los habituales controles preventivos que se realizan en distintos puntos de la ciudad con el objetivo de <strong>reforzar la seguridad vial y prevenir siniestros<\/strong>. Tras constatar la infracci\u00f3n mediante el test de alcoholemia, los agentes procedieron a la <strong>retenci\u00f3n inmediata del veh\u00edculo<\/strong>, quedando el conductor a disposici\u00f3n de las actuaciones contravencionales correspondientes.<\/p>\n\n\n\n<p>En el mismo operativo, tambi\u00e9n fue secuestrada una motocicleta cuyo conductor realizaba <strong>maniobras peligrosas en la v\u00eda p\u00fablica<\/strong>, poniendo en riesgo su integridad y la de terceros. El rodado fue trasladado y se labraron las actas pertinentes.<\/p>\n\n\n\n<p>Desde el \u00e1rea de Tr\u00e1nsito reiteraron la importancia de <strong>no conducir bajo los efectos del alcohol<\/strong> y respetar las normas para evitar accidentes y sanciones.<\/p>\n","protected":false},"excerpt":{"rendered":"<p>Un conductor fue detectado con 1,53 g\/l de alcohol en sangre durante un operativo nocturno. Tambi\u00e9n secuestraron una moto por maniobras peligrosas. Durante un nuevo operativo de control nocturno en San Pedro, personal de Tr\u00e1nsito municipal detect\u00f3 a un automovilista que circulaba con 1,53 gramos de alcohol por litro de sangre, superando ampliamente el l\u00edmite [&hellip;]<\/p>\n","protected":false},"author":4,"featured_media":148300,"comment_status":"closed","ping_status":"closed","sticky":false,"template":"","format":"standard","meta":{"om_disable_all_campaigns":false,"_jetpack_memberships_contains_paid_content":false,"footnotes":""},"categories":[50,2,103],"tags":[],"class_list":["post-148299","post","type-post","status-publish","format-standard","has-post-thumbnail","hentry","category-destacadas","category-locales","category-policiales-locales"],"aioseo_notices":[],"gutentor_comment":0,"jetpack_featured_media_url":"https:\/\/eldiariodesanpedro.com.ar\/sitio\/wp-content\/uploads\/2026\/02\/medida-1.png","jetpack_shortlink":"https:\/\/wp.me\/p6RhLt-CzV","jetpack_sharing_enabled":true,"_links":{"self":[{"href":"https:\/\/eldiariodesanpedro.com.ar\/sitio\/wp-json\/wp\/v2\/posts\/148299","targetHints":{"allow":["GET"]}}],"collection":[{"href":"https:\/\/eldiariodesanpedro.com.ar\/sitio\/wp-json\/wp\/v2\/posts"}],"about":[{"href":"https:\/\/eldiariodesanpedro.com.ar\/sitio\/wp-json\/wp\/v2\/types\/post"}],"author":[{"embeddable":true,"href":"https:\/\/eldiariodesanpedro.com.ar\/sitio\/wp-json\/wp\/v2\/users\/4"}],"replies":[{"embeddable":true,"href":"https:\/\/eldiariodesanpedro.com.ar\/sitio\/wp-json\/wp\/v2\/comments?post=148299"}],"version-history":[{"count":1,"href":"https:\/\/eldiariodesanpedro.com.ar\/sitio\/wp-json\/wp\/v2\/posts\/148299\/revisions"}],"predecessor-version":[{"id":148301,"href":"https:\/\/eldiariodesanpedro.com.ar\/sitio\/wp-json\/wp\/v2\/posts\/148299\/revisions\/148301"}],"wp:featuredmedia":[{"embeddable":true,"href":"https:\/\/eldiariodesanpedro.com.ar\/sitio\/wp-json\/wp\/v2\/media\/148300"}],"wp:attachment":[{"href":"https:\/\/eldiariodesanpedro.com.ar\/sitio\/wp-json\/wp\/v2\/media?parent=148299"}],"wp:term":[{"taxonomy":"category","embeddable":true,"href":"https:\/\/eldiariodesanpedro.com.ar\/sitio\/wp-json\/wp\/v2\/categories?post=148299"},{"taxonomy":"post_tag","embeddable":true,"href":"https:\/\/eldiariodesanpedro.com.ar\/sitio\/wp-json\/wp\/v2\/tags?post=148299"}],"curies":[{"name":"wp","href":"https:\/\/api.w.org\/{rel}","templated":true}]}}