{"id":148295,"date":"2026-02-21T12:41:55","date_gmt":"2026-02-21T15:41:55","guid":{"rendered":"https:\/\/eldiariodesanpedro.com.ar\/sitio\/?p=148295"},"modified":"2026-02-21T12:42:13","modified_gmt":"2026-02-21T15:42:13","slug":"una-motociclista-de-31-anos-en-terapia-intensiva-tras-caer-sola-de-su-moto","status":"publish","type":"post","link":"https:\/\/eldiariodesanpedro.com.ar\/sitio\/una-motociclista-de-31-anos-en-terapia-intensiva-tras-caer-sola-de-su-moto\/","title":{"rendered":"Una motociclista de 31 a\u00f1os en terapia intensiva tras caer sola de su moto"},"content":{"rendered":"<!-- VideographyWP Plugin Message: Automatic video embedding prevented by plugin options. -->\n\n<p><strong>Una mujer de 31 a\u00f1os permanece en terapia intensiva luego de protagonizar un accidente sin intervenci\u00f3n de terceros en la madrugada.<\/strong><\/p>\n\n\n\n<p>En la madrugada de hoy, personal policial acudi\u00f3 a la intersecci\u00f3n de <strong>Avenida 11 de Septiembre y Nieto de Torres<\/strong> tras un llamado al <strong>911<\/strong> que alertaba sobre un siniestro vial.<\/p>\n\n\n\n<p>Seg\u00fan se pudo establecer con la colaboraci\u00f3n del <strong>Centro de Monitoreo local<\/strong>, una <strong>mujer de 31 a\u00f1os<\/strong> que circulaba en una <strong>motocicleta Mondial Dax 70<\/strong> por la avenida perdi\u00f3 el control del rodado y cay\u00f3 sobre la cinta asf\u00e1ltica. De acuerdo a las primeras informaciones, <strong>no hubo otros veh\u00edculos involucrados<\/strong> en el hecho.<\/p>\n\n\n\n<p>La conductora fue asistida en el lugar y posteriormente <strong>trasladada en ambulancia al hospital local<\/strong>, donde qued\u00f3 internada en el \u00e1rea de <strong>Unidad de Terapia Intensiva (UTI)<\/strong> tras sufrir <strong>lesiones de car\u00e1cter grave<\/strong>. Se encuentra a la espera de una posible derivaci\u00f3n a un centro de mayor complejidad.<\/p>\n\n\n\n<p>En el lugar trabaj\u00f3 <strong>Polic\u00eda Cient\u00edfica<\/strong> para realizar las pericias correspondientes, mientras que interviene la <strong>UFI N\u00b0 7<\/strong> en turno para determinar las circunstancias del accidente.<\/p>\n\n\n\n<p>#AccidenteDeTransito #Motociclista #UTI #Policiales #SanPedro #Emergencias #UFI7<\/p>\n\n\n\n<p><\/p>\n","protected":false},"excerpt":{"rendered":"<p>Una mujer de 31 a\u00f1os permanece en terapia intensiva luego de protagonizar un accidente sin intervenci\u00f3n de terceros en la madrugada. En la madrugada de hoy, personal policial acudi\u00f3 a la intersecci\u00f3n de Avenida 11 de Septiembre y Nieto de Torres tras un llamado al 911 que alertaba sobre un siniestro vial. Seg\u00fan se pudo [&hellip;]<\/p>\n","protected":false},"author":4,"featured_media":148296,"comment_status":"closed","ping_status":"closed","sticky":false,"template":"","format":"standard","meta":{"om_disable_all_campaigns":false,"_jetpack_memberships_contains_paid_content":false,"footnotes":""},"categories":[50,2,103],"tags":[3612,8912,8916,8913,8915,8914],"class_list":["post-148295","post","type-post","status-publish","format-standard","has-post-thumbnail","hentry","category-destacadas","category-locales","category-policiales-locales","tag-accidente-de-transito-2","tag-caida-en-avenida-11-de-septiembre","tag-intervencion-ufi-7","tag-motocicleta-mondial-dax-70","tag-mujer-herida-grave","tag-uti-hospital-local"],"aioseo_notices":[],"gutentor_comment":0,"jetpack_featured_media_url":"https:\/\/eldiariodesanpedro.com.ar\/sitio\/wp-content\/uploads\/2026\/02\/medida-1-42.jpg","jetpack_shortlink":"https:\/\/wp.me\/p6RhLt-CzR","jetpack_sharing_enabled":true,"_links":{"self":[{"href":"https:\/\/eldiariodesanpedro.com.ar\/sitio\/wp-json\/wp\/v2\/posts\/148295","targetHints":{"allow":["GET"]}}],"collection":[{"href":"https:\/\/eldiariodesanpedro.com.ar\/sitio\/wp-json\/wp\/v2\/posts"}],"about":[{"href":"https:\/\/eldiariodesanpedro.com.ar\/sitio\/wp-json\/wp\/v2\/types\/post"}],"author":[{"embeddable":true,"href":"https:\/\/eldiariodesanpedro.com.ar\/sitio\/wp-json\/wp\/v2\/users\/4"}],"replies":[{"embeddable":true,"href":"https:\/\/eldiariodesanpedro.com.ar\/sitio\/wp-json\/wp\/v2\/comments?post=148295"}],"version-history":[{"count":1,"href":"https:\/\/eldiariodesanpedro.com.ar\/sitio\/wp-json\/wp\/v2\/posts\/148295\/revisions"}],"predecessor-version":[{"id":148297,"href":"https:\/\/eldiariodesanpedro.com.ar\/sitio\/wp-json\/wp\/v2\/posts\/148295\/revisions\/148297"}],"wp:featuredmedia":[{"embeddable":true,"href":"https:\/\/eldiariodesanpedro.com.ar\/sitio\/wp-json\/wp\/v2\/media\/148296"}],"wp:attachment":[{"href":"https:\/\/eldiariodesanpedro.com.ar\/sitio\/wp-json\/wp\/v2\/media?parent=148295"}],"wp:term":[{"taxonomy":"category","embeddable":true,"href":"https:\/\/eldiariodesanpedro.com.ar\/sitio\/wp-json\/wp\/v2\/categories?post=148295"},{"taxonomy":"post_tag","embeddable":true,"href":"https:\/\/eldiariodesanpedro.com.ar\/sitio\/wp-json\/wp\/v2\/tags?post=148295"}],"curies":[{"name":"wp","href":"https:\/\/api.w.org\/{rel}","templated":true}]}}