{"id":148292,"date":"2026-02-21T12:23:19","date_gmt":"2026-02-21T15:23:19","guid":{"rendered":"https:\/\/eldiariodesanpedro.com.ar\/sitio\/?p=148292"},"modified":"2026-02-21T12:23:23","modified_gmt":"2026-02-21T15:23:23","slug":"choque-entre-auto-y-moto-una-nina-de-8-anos-sufrio-lesiones-leves","status":"publish","type":"post","link":"https:\/\/eldiariodesanpedro.com.ar\/sitio\/choque-entre-auto-y-moto-una-nina-de-8-anos-sufrio-lesiones-leves\/","title":{"rendered":"Choque entre auto y moto: una ni\u00f1a de 8 a\u00f1os sufri\u00f3 lesiones leves"},"content":{"rendered":"<!-- VideographyWP Plugin Message: Automatic video embedding prevented by plugin options. -->\n\n<p><strong>Un accidente de tr\u00e1nsito en la intersecci\u00f3n de Sargento Cabral y Basabilbaso dej\u00f3 como saldo a una menor de 8 a\u00f1os con lesiones leves.<\/strong> El hecho ocurri\u00f3 durante la jornada de ayer y es materia de investigaci\u00f3n.<\/p>\n\n\n\n<p>De acuerdo a la informaci\u00f3n oficial, <strong>colisionaron un autom\u00f3vil Renault Megane, conducido por un hombre de 65 a\u00f1os, y una motocicleta Zanella ZB<\/strong>, en la que se trasladaba un hombre de 52 a\u00f1os junto a su ahijada de 8 a\u00f1os de edad.<\/p>\n\n\n\n<p>Producto del impacto, <strong>la menor fue asistida por personal del SAME 107 y trasladada al hospital local<\/strong>, donde los profesionales de la salud constataron que presentaba <strong>lesiones de car\u00e1cter leve<\/strong>. En tanto, <strong>ambos conductores resultaron ilesos<\/strong>.<\/p>\n\n\n\n<p>En el lugar trabaj\u00f3 <strong>Polic\u00eda Cient\u00edfica<\/strong>, realizando las pericias correspondientes para determinar la mec\u00e1nica del siniestro. La causa qued\u00f3 en manos de la <strong>UFI N\u00b0 7<\/strong>, que interviene para esclarecer lo sucedido.<\/p>\n\n\n\n<p>#AccidenteDeTr\u00e1nsito #Choque #SargentoCabral #Basabilbaso #SAME107 #Policiales #SeguridadVial #SanPedro<\/p>\n","protected":false},"excerpt":{"rendered":"<p>Un accidente de tr\u00e1nsito en la intersecci\u00f3n de Sargento Cabral y Basabilbaso dej\u00f3 como saldo a una menor de 8 a\u00f1os con lesiones leves. El hecho ocurri\u00f3 durante la jornada de ayer y es materia de investigaci\u00f3n. De acuerdo a la informaci\u00f3n oficial, colisionaron un autom\u00f3vil Renault Megane, conducido por un hombre de 65 a\u00f1os, [&hellip;]<\/p>\n","protected":false},"author":4,"featured_media":148293,"comment_status":"closed","ping_status":"closed","sticky":false,"template":"","format":"standard","meta":{"om_disable_all_campaigns":false,"_jetpack_memberships_contains_paid_content":false,"footnotes":""},"categories":[2,103],"tags":[],"class_list":["post-148292","post","type-post","status-publish","format-standard","has-post-thumbnail","hentry","category-locales","category-policiales-locales"],"aioseo_notices":[],"gutentor_comment":0,"jetpack_featured_media_url":"https:\/\/eldiariodesanpedro.com.ar\/sitio\/wp-content\/uploads\/2026\/02\/medida-1-41.jpg","jetpack_shortlink":"https:\/\/wp.me\/p6RhLt-CzO","jetpack_sharing_enabled":true,"_links":{"self":[{"href":"https:\/\/eldiariodesanpedro.com.ar\/sitio\/wp-json\/wp\/v2\/posts\/148292","targetHints":{"allow":["GET"]}}],"collection":[{"href":"https:\/\/eldiariodesanpedro.com.ar\/sitio\/wp-json\/wp\/v2\/posts"}],"about":[{"href":"https:\/\/eldiariodesanpedro.com.ar\/sitio\/wp-json\/wp\/v2\/types\/post"}],"author":[{"embeddable":true,"href":"https:\/\/eldiariodesanpedro.com.ar\/sitio\/wp-json\/wp\/v2\/users\/4"}],"replies":[{"embeddable":true,"href":"https:\/\/eldiariodesanpedro.com.ar\/sitio\/wp-json\/wp\/v2\/comments?post=148292"}],"version-history":[{"count":1,"href":"https:\/\/eldiariodesanpedro.com.ar\/sitio\/wp-json\/wp\/v2\/posts\/148292\/revisions"}],"predecessor-version":[{"id":148294,"href":"https:\/\/eldiariodesanpedro.com.ar\/sitio\/wp-json\/wp\/v2\/posts\/148292\/revisions\/148294"}],"wp:featuredmedia":[{"embeddable":true,"href":"https:\/\/eldiariodesanpedro.com.ar\/sitio\/wp-json\/wp\/v2\/media\/148293"}],"wp:attachment":[{"href":"https:\/\/eldiariodesanpedro.com.ar\/sitio\/wp-json\/wp\/v2\/media?parent=148292"}],"wp:term":[{"taxonomy":"category","embeddable":true,"href":"https:\/\/eldiariodesanpedro.com.ar\/sitio\/wp-json\/wp\/v2\/categories?post=148292"},{"taxonomy":"post_tag","embeddable":true,"href":"https:\/\/eldiariodesanpedro.com.ar\/sitio\/wp-json\/wp\/v2\/tags?post=148292"}],"curies":[{"name":"wp","href":"https:\/\/api.w.org\/{rel}","templated":true}]}}