{"id":148287,"date":"2026-02-21T12:09:51","date_gmt":"2026-02-21T15:09:51","guid":{"rendered":"https:\/\/eldiariodesanpedro.com.ar\/sitio\/?p=148287"},"modified":"2026-02-21T12:09:56","modified_gmt":"2026-02-21T15:09:56","slug":"un-joven-de-27-anos-fue-aprehendido-tras-causar-disturbios-en-la-casa-de-su-abuela-de-78-anos","status":"publish","type":"post","link":"https:\/\/eldiariodesanpedro.com.ar\/sitio\/un-joven-de-27-anos-fue-aprehendido-tras-causar-disturbios-en-la-casa-de-su-abuela-de-78-anos\/","title":{"rendered":"Un joven de 27 a\u00f1os fue aprehendido tras causar disturbios en la casa de su abuela de 78 a\u00f1os"},"content":{"rendered":"<!-- VideographyWP Plugin Message: Automatic video embedding prevented by plugin options. -->\n\n<p><strong>Un hombre de 27 a\u00f1os fue detenido luego de protagonizar disturbios en la vivienda de su abuela y enfrentarse con efectivos policiales en la v\u00eda p\u00fablica.<\/strong><\/p>\n\n\n\n<p>En la ma\u00f1ana de ayer, personal policial acudi\u00f3 a un llamado recibido en un domicilio de <strong>calle R\u00f3mulo Naon al 1500<\/strong>, donde se alertaba sobre un sujeto que generaba inconvenientes dentro de la vivienda.<\/p>\n\n\n\n<p>Al arribar al lugar, los efectivos constataron que un <strong>masculino de 27 a\u00f1os<\/strong> se encontraba en el domicilio de su <strong>abuela, de 78 a\u00f1os<\/strong>, provocando disturbios y alteraciones en el orden. Seg\u00fan se inform\u00f3, el individuo estar\u00eda <strong>bajo los efectos de estupefacientes<\/strong>, situaci\u00f3n que deriv\u00f3 en un comportamiento agresivo.<\/p>\n\n\n\n<p>Cuando el personal intent\u00f3 intervenir, el sujeto <strong>se torn\u00f3 hostil y ofreci\u00f3 resistencia<\/strong>, lo que motiv\u00f3 su inmediata aprehensi\u00f3n. Posteriormente fue trasladado a la dependencia policial, donde qued\u00f3 imputado por el delito de <strong>resistencia a la autoridad<\/strong>.<\/p>\n\n\n\n<p>En el hecho interviene la <strong>UFI N\u00b0 7<\/strong>, que dispuso las actuaciones correspondientes.<\/p>\n\n\n\n<p>#SanPedro #Policiales #Aprehension #ResistenciaALaAutoridad #Disturbios #Seguridad<\/p>\n\n\n<div class=\"wp-block-image\">\n<figure class=\"aligncenter size-full\"><img decoding=\"async\" width=\"291\" height=\"433\" data-attachment-id=\"148289\" data-permalink=\"https:\/\/eldiariodesanpedro.com.ar\/sitio\/un-joven-de-27-anos-fue-aprehendido-tras-causar-disturbios-en-la-casa-de-su-abuela-de-78-anos\/3-169\/\" data-orig-file=\"https:\/\/eldiariodesanpedro.com.ar\/sitio\/wp-content\/uploads\/2026\/02\/3-3.jpg\" data-orig-size=\"291,433\" data-comments-opened=\"0\" data-image-meta=\"{&quot;aperture&quot;:&quot;0&quot;,&quot;credit&quot;:&quot;&quot;,&quot;camera&quot;:&quot;&quot;,&quot;caption&quot;:&quot;&quot;,&quot;created_timestamp&quot;:&quot;0&quot;,&quot;copyright&quot;:&quot;&quot;,&quot;focal_length&quot;:&quot;0&quot;,&quot;iso&quot;:&quot;0&quot;,&quot;shutter_speed&quot;:&quot;0&quot;,&quot;title&quot;:&quot;&quot;,&quot;orientation&quot;:&quot;0&quot;}\" data-image-title=\"3\" data-image-description=\"\" data-image-caption=\"\" data-large-file=\"https:\/\/eldiariodesanpedro.com.ar\/sitio\/wp-content\/uploads\/2026\/02\/3-3.jpg\" data-src=\"https:\/\/eldiariodesanpedro.com.ar\/sitio\/wp-content\/uploads\/2026\/02\/3-3.jpg\" alt=\"\" class=\"wp-image-148289 lazyload\" data-srcset=\"https:\/\/eldiariodesanpedro.com.ar\/sitio\/wp-content\/uploads\/2026\/02\/3-3.jpg 291w, https:\/\/eldiariodesanpedro.com.ar\/sitio\/wp-content\/uploads\/2026\/02\/3-3-202x300.jpg 202w\" data-sizes=\"(max-width: 291px) 100vw, 291px\" src=\"data:image\/svg+xml;base64,PHN2ZyB3aWR0aD0iMSIgaGVpZ2h0PSIxIiB4bWxucz0iaHR0cDovL3d3dy53My5vcmcvMjAwMC9zdmciPjwvc3ZnPg==\" style=\"--smush-placeholder-width: 291px; --smush-placeholder-aspect-ratio: 291\/433;\" \/><\/figure>\n<\/div>","protected":false},"excerpt":{"rendered":"<p>Un hombre de 27 a\u00f1os fue detenido luego de protagonizar disturbios en la vivienda de su abuela y enfrentarse con efectivos policiales en la v\u00eda p\u00fablica. En la ma\u00f1ana de ayer, personal policial acudi\u00f3 a un llamado recibido en un domicilio de calle R\u00f3mulo Naon al 1500, donde se alertaba sobre un sujeto que generaba [&hellip;]<\/p>\n","protected":false},"author":4,"featured_media":148288,"comment_status":"closed","ping_status":"closed","sticky":false,"template":"","format":"standard","meta":{"om_disable_all_campaigns":false,"_jetpack_memberships_contains_paid_content":false,"footnotes":""},"categories":[2],"tags":[],"class_list":["post-148287","post","type-post","status-publish","format-standard","has-post-thumbnail","hentry","category-locales"],"aioseo_notices":[],"gutentor_comment":0,"jetpack_featured_media_url":"https:\/\/eldiariodesanpedro.com.ar\/sitio\/wp-content\/uploads\/2026\/02\/medida-1-40.jpg","jetpack_shortlink":"https:\/\/wp.me\/p6RhLt-CzJ","jetpack_sharing_enabled":true,"_links":{"self":[{"href":"https:\/\/eldiariodesanpedro.com.ar\/sitio\/wp-json\/wp\/v2\/posts\/148287","targetHints":{"allow":["GET"]}}],"collection":[{"href":"https:\/\/eldiariodesanpedro.com.ar\/sitio\/wp-json\/wp\/v2\/posts"}],"about":[{"href":"https:\/\/eldiariodesanpedro.com.ar\/sitio\/wp-json\/wp\/v2\/types\/post"}],"author":[{"embeddable":true,"href":"https:\/\/eldiariodesanpedro.com.ar\/sitio\/wp-json\/wp\/v2\/users\/4"}],"replies":[{"embeddable":true,"href":"https:\/\/eldiariodesanpedro.com.ar\/sitio\/wp-json\/wp\/v2\/comments?post=148287"}],"version-history":[{"count":2,"href":"https:\/\/eldiariodesanpedro.com.ar\/sitio\/wp-json\/wp\/v2\/posts\/148287\/revisions"}],"predecessor-version":[{"id":148291,"href":"https:\/\/eldiariodesanpedro.com.ar\/sitio\/wp-json\/wp\/v2\/posts\/148287\/revisions\/148291"}],"wp:featuredmedia":[{"embeddable":true,"href":"https:\/\/eldiariodesanpedro.com.ar\/sitio\/wp-json\/wp\/v2\/media\/148288"}],"wp:attachment":[{"href":"https:\/\/eldiariodesanpedro.com.ar\/sitio\/wp-json\/wp\/v2\/media?parent=148287"}],"wp:term":[{"taxonomy":"category","embeddable":true,"href":"https:\/\/eldiariodesanpedro.com.ar\/sitio\/wp-json\/wp\/v2\/categories?post=148287"},{"taxonomy":"post_tag","embeddable":true,"href":"https:\/\/eldiariodesanpedro.com.ar\/sitio\/wp-json\/wp\/v2\/tags?post=148287"}],"curies":[{"name":"wp","href":"https:\/\/api.w.org\/{rel}","templated":true}]}}