{"id":148216,"date":"2026-02-20T11:20:53","date_gmt":"2026-02-20T14:20:53","guid":{"rendered":"https:\/\/eldiariodesanpedro.com.ar\/sitio\/?p=148216"},"modified":"2026-02-20T11:44:12","modified_gmt":"2026-02-20T14:44:12","slug":"lo-quisieron-identificar-y-exploto-de-furia-prendio-fuego-la-moto-el-celular-y-el-mate","status":"publish","type":"post","link":"https:\/\/eldiariodesanpedro.com.ar\/sitio\/lo-quisieron-identificar-y-exploto-de-furia-prendio-fuego-la-moto-el-celular-y-el-mate\/","title":{"rendered":"Lo quisieron identificar y explot\u00f3 de furia: prendi\u00f3 fuego la moto, el celular y el mate"},"content":{"rendered":"<!-- VideographyWP Plugin Message: Automatic video embedding prevented by plugin options. -->\n\n<p><strong>Un joven de 27 a\u00f1os reaccion\u00f3 de manera ins\u00f3lita ante un control policial. La moto no ten\u00eda pedido de secuestro y no registraba impedimentos legales.<\/strong><\/p>\n\n\n\n<p>Un episodio tan extra\u00f1o como inesperado ocurri\u00f3 este viernes alrededor de las 11 horas, cuando <strong>un joven de aproximadamente 27 a\u00f1os prendi\u00f3 fuego su propia motocicleta tras ser interceptado en un control policial<\/strong>.<\/p>\n\n\n\n<p>El hecho se registr\u00f3 en la intersecci\u00f3n de <strong>Mateo Sbert y D\u00e1vila<\/strong>, donde efectivos de la comisar\u00eda local detuvieron la marcha de una <strong>motocicleta 110 cc<\/strong> con el objetivo de identificar al conductor y verificar la situaci\u00f3n del rodado.<\/p>\n\n\n\n<p>Seg\u00fan informaron fuentes oficiales, ante la llegada de un m\u00f3vil de inspecci\u00f3n para solicitar la documentaci\u00f3n correspondiente, <strong>el joven se alter\u00f3 y, de manera repentina, incendi\u00f3 la moto en plena v\u00eda p\u00fablica<\/strong>. Adem\u00e1s, <strong>arroj\u00f3 al fuego su tel\u00e9fono celular y un equipo de mate<\/strong>.<\/p>\n\n\n\n<p>Al lugar acudi\u00f3 una <strong>dotaci\u00f3n de Bomberos Voluntarios<\/strong>, que logr\u00f3 controlar las llamas y evitar mayores da\u00f1os.<\/p>\n\n\n\n<p>De acuerdo a la informaci\u00f3n policial, <strong>la motocicleta no ten\u00eda pedido de secuestro ni registro de robo<\/strong>, y tras la verificaci\u00f3n correspondiente se constat\u00f3 que <strong>el joven tampoco pose\u00eda pedido de captura ni impedimento legal alguno<\/strong>.<\/p>\n\n\n\n<p>Luego del episodio, el conductor se retir\u00f3 del lugar visiblemente ofuscado. No se registraron personas heridas.<\/p>\n\n\n\n<iframe data-src=\"https:\/\/www.facebook.com\/plugins\/video.php?height=476&#038;href=https%3A%2F%2Fwww.facebook.com%2Freel%2F1716048116468646%2F&#038;show_text=false&#038;width=476&#038;t=0\" width=\"476\" height=\"476\" style=\"border:none;overflow:hidden\" scrolling=\"no\" frameborder=\"0\" allowfullscreen=\"true\" allow=\"autoplay; clipboard-write; encrypted-media; picture-in-picture; web-share\" allowFullScreen=\"true\" src=\"data:image\/svg+xml;base64,PHN2ZyB3aWR0aD0iMSIgaGVpZ2h0PSIxIiB4bWxucz0iaHR0cDovL3d3dy53My5vcmcvMjAwMC9zdmciPjwvc3ZnPg==\" class=\"lazyload\" data-load-mode=\"1\"><\/iframe>\n\n\n\n<div class=\"wp-block-jetpack-slideshow aligncenter\" data-effect=\"slide\" style=\"--aspect-ratio:calc(640 \/ 360)\"><div class=\"wp-block-jetpack-slideshow_container swiper\"><ul class=\"wp-block-jetpack-slideshow_swiper-wrapper swiper-wrapper\"><li class=\"wp-block-jetpack-slideshow_slide swiper-slide\"><figure><img decoding=\"async\" width=\"1024\" height=\"576\" alt=\"\" class=\"wp-block-jetpack-slideshow_image wp-image-148223 lazyload\" data-id=\"148223\" data-aspect-ratio=\"640 \/ 360\" data-src=\"https:\/\/eldiariodesanpedro.com.ar\/sitio\/wp-content\/uploads\/2026\/02\/WhatsApp-Image-2026-02-20-at-10.52.311-1024x576.jpeg\" data-srcset=\"https:\/\/eldiariodesanpedro.com.ar\/sitio\/wp-content\/uploads\/2026\/02\/WhatsApp-Image-2026-02-20-at-10.52.311-1024x576.jpeg 1024w, https:\/\/eldiariodesanpedro.com.ar\/sitio\/wp-content\/uploads\/2026\/02\/WhatsApp-Image-2026-02-20-at-10.52.311-300x169.jpeg 300w, https:\/\/eldiariodesanpedro.com.ar\/sitio\/wp-content\/uploads\/2026\/02\/WhatsApp-Image-2026-02-20-at-10.52.311-768x432.jpeg 768w, https:\/\/eldiariodesanpedro.com.ar\/sitio\/wp-content\/uploads\/2026\/02\/WhatsApp-Image-2026-02-20-at-10.52.311.jpeg 1120w\" data-sizes=\"(max-width: 1024px) 100vw, 1024px\" src=\"data:image\/svg+xml;base64,PHN2ZyB3aWR0aD0iMSIgaGVpZ2h0PSIxIiB4bWxucz0iaHR0cDovL3d3dy53My5vcmcvMjAwMC9zdmciPjwvc3ZnPg==\" style=\"--smush-placeholder-width: 1024px; --smush-placeholder-aspect-ratio: 1024\/576;\" \/><\/figure><\/li><li class=\"wp-block-jetpack-slideshow_slide swiper-slide\"><figure><img decoding=\"async\" width=\"1024\" height=\"576\" alt=\"\" class=\"wp-block-jetpack-slideshow_image wp-image-148224 lazyload\" data-id=\"148224\" data-aspect-ratio=\"640 \/ 360\" data-src=\"https:\/\/eldiariodesanpedro.com.ar\/sitio\/wp-content\/uploads\/2026\/02\/WhatsApp-Image-2026-02-20-at-10.52.321-1024x576.jpeg\" data-srcset=\"https:\/\/eldiariodesanpedro.com.ar\/sitio\/wp-content\/uploads\/2026\/02\/WhatsApp-Image-2026-02-20-at-10.52.321-1024x576.jpeg 1024w, https:\/\/eldiariodesanpedro.com.ar\/sitio\/wp-content\/uploads\/2026\/02\/WhatsApp-Image-2026-02-20-at-10.52.321-300x169.jpeg 300w, https:\/\/eldiariodesanpedro.com.ar\/sitio\/wp-content\/uploads\/2026\/02\/WhatsApp-Image-2026-02-20-at-10.52.321-768x432.jpeg 768w, https:\/\/eldiariodesanpedro.com.ar\/sitio\/wp-content\/uploads\/2026\/02\/WhatsApp-Image-2026-02-20-at-10.52.321.jpeg 1120w\" data-sizes=\"(max-width: 1024px) 100vw, 1024px\" src=\"data:image\/svg+xml;base64,PHN2ZyB3aWR0aD0iMSIgaGVpZ2h0PSIxIiB4bWxucz0iaHR0cDovL3d3dy53My5vcmcvMjAwMC9zdmciPjwvc3ZnPg==\" style=\"--smush-placeholder-width: 1024px; --smush-placeholder-aspect-ratio: 1024\/576;\" \/><\/figure><\/li><li class=\"wp-block-jetpack-slideshow_slide swiper-slide\"><figure><img decoding=\"async\" width=\"1024\" height=\"576\" alt=\"\" class=\"wp-block-jetpack-slideshow_image wp-image-148222 lazyload\" data-id=\"148222\" data-aspect-ratio=\"640 \/ 360\" data-src=\"https:\/\/eldiariodesanpedro.com.ar\/sitio\/wp-content\/uploads\/2026\/02\/WhatsApp-Image-2026-02-20-at-10.52.301-1024x576.jpeg\" data-srcset=\"https:\/\/eldiariodesanpedro.com.ar\/sitio\/wp-content\/uploads\/2026\/02\/WhatsApp-Image-2026-02-20-at-10.52.301-1024x576.jpeg 1024w, https:\/\/eldiariodesanpedro.com.ar\/sitio\/wp-content\/uploads\/2026\/02\/WhatsApp-Image-2026-02-20-at-10.52.301-300x169.jpeg 300w, https:\/\/eldiariodesanpedro.com.ar\/sitio\/wp-content\/uploads\/2026\/02\/WhatsApp-Image-2026-02-20-at-10.52.301-768x432.jpeg 768w, https:\/\/eldiariodesanpedro.com.ar\/sitio\/wp-content\/uploads\/2026\/02\/WhatsApp-Image-2026-02-20-at-10.52.301.jpeg 1120w\" data-sizes=\"(max-width: 1024px) 100vw, 1024px\" src=\"data:image\/svg+xml;base64,PHN2ZyB3aWR0aD0iMSIgaGVpZ2h0PSIxIiB4bWxucz0iaHR0cDovL3d3dy53My5vcmcvMjAwMC9zdmciPjwvc3ZnPg==\" style=\"--smush-placeholder-width: 1024px; --smush-placeholder-aspect-ratio: 1024\/576;\" \/><\/figure><\/li><li class=\"wp-block-jetpack-slideshow_slide swiper-slide\"><figure><img decoding=\"async\" width=\"1024\" height=\"576\" alt=\"\" class=\"wp-block-jetpack-slideshow_image wp-image-148217 lazyload\" data-id=\"148217\" data-aspect-ratio=\"640 \/ 360\" data-src=\"https:\/\/eldiariodesanpedro.com.ar\/sitio\/wp-content\/uploads\/2026\/02\/WhatsApp-Image-2026-02-20-at-10.51.46-1024x576.jpeg\" data-srcset=\"https:\/\/eldiariodesanpedro.com.ar\/sitio\/wp-content\/uploads\/2026\/02\/WhatsApp-Image-2026-02-20-at-10.51.46-1024x576.jpeg 1024w, https:\/\/eldiariodesanpedro.com.ar\/sitio\/wp-content\/uploads\/2026\/02\/WhatsApp-Image-2026-02-20-at-10.51.46-300x169.jpeg 300w, https:\/\/eldiariodesanpedro.com.ar\/sitio\/wp-content\/uploads\/2026\/02\/WhatsApp-Image-2026-02-20-at-10.51.46-768x432.jpeg 768w, https:\/\/eldiariodesanpedro.com.ar\/sitio\/wp-content\/uploads\/2026\/02\/WhatsApp-Image-2026-02-20-at-10.51.46.jpeg 1120w\" data-sizes=\"(max-width: 1024px) 100vw, 1024px\" src=\"data:image\/svg+xml;base64,PHN2ZyB3aWR0aD0iMSIgaGVpZ2h0PSIxIiB4bWxucz0iaHR0cDovL3d3dy53My5vcmcvMjAwMC9zdmciPjwvc3ZnPg==\" style=\"--smush-placeholder-width: 1024px; --smush-placeholder-aspect-ratio: 1024\/576;\" \/><\/figure><\/li><li class=\"wp-block-jetpack-slideshow_slide swiper-slide\"><figure><img decoding=\"async\" width=\"1024\" height=\"576\" alt=\"\" class=\"wp-block-jetpack-slideshow_image wp-image-148218 lazyload\" data-id=\"148218\" data-aspect-ratio=\"640 \/ 360\" data-src=\"https:\/\/eldiariodesanpedro.com.ar\/sitio\/wp-content\/uploads\/2026\/02\/WhatsApp-Image-2026-02-20-at-10.52.30-1024x576.jpeg\" data-srcset=\"https:\/\/eldiariodesanpedro.com.ar\/sitio\/wp-content\/uploads\/2026\/02\/WhatsApp-Image-2026-02-20-at-10.52.30-1024x576.jpeg 1024w, https:\/\/eldiariodesanpedro.com.ar\/sitio\/wp-content\/uploads\/2026\/02\/WhatsApp-Image-2026-02-20-at-10.52.30-300x169.jpeg 300w, https:\/\/eldiariodesanpedro.com.ar\/sitio\/wp-content\/uploads\/2026\/02\/WhatsApp-Image-2026-02-20-at-10.52.30-768x432.jpeg 768w, https:\/\/eldiariodesanpedro.com.ar\/sitio\/wp-content\/uploads\/2026\/02\/WhatsApp-Image-2026-02-20-at-10.52.30.jpeg 1120w\" data-sizes=\"(max-width: 1024px) 100vw, 1024px\" src=\"data:image\/svg+xml;base64,PHN2ZyB3aWR0aD0iMSIgaGVpZ2h0PSIxIiB4bWxucz0iaHR0cDovL3d3dy53My5vcmcvMjAwMC9zdmciPjwvc3ZnPg==\" style=\"--smush-placeholder-width: 1024px; --smush-placeholder-aspect-ratio: 1024\/576;\" \/><\/figure><\/li><li class=\"wp-block-jetpack-slideshow_slide swiper-slide\"><figure><img decoding=\"async\" width=\"1024\" height=\"576\" alt=\"\" class=\"wp-block-jetpack-slideshow_image wp-image-148225 lazyload\" data-id=\"148225\" data-aspect-ratio=\"640 \/ 360\" data-src=\"https:\/\/eldiariodesanpedro.com.ar\/sitio\/wp-content\/uploads\/2026\/02\/WhatsApp-Image-2026-02-20-at-10.52.332-1024x576.jpeg\" data-srcset=\"https:\/\/eldiariodesanpedro.com.ar\/sitio\/wp-content\/uploads\/2026\/02\/WhatsApp-Image-2026-02-20-at-10.52.332-1024x576.jpeg 1024w, https:\/\/eldiariodesanpedro.com.ar\/sitio\/wp-content\/uploads\/2026\/02\/WhatsApp-Image-2026-02-20-at-10.52.332-300x169.jpeg 300w, https:\/\/eldiariodesanpedro.com.ar\/sitio\/wp-content\/uploads\/2026\/02\/WhatsApp-Image-2026-02-20-at-10.52.332-768x432.jpeg 768w, https:\/\/eldiariodesanpedro.com.ar\/sitio\/wp-content\/uploads\/2026\/02\/WhatsApp-Image-2026-02-20-at-10.52.332.jpeg 1120w\" data-sizes=\"(max-width: 1024px) 100vw, 1024px\" src=\"data:image\/svg+xml;base64,PHN2ZyB3aWR0aD0iMSIgaGVpZ2h0PSIxIiB4bWxucz0iaHR0cDovL3d3dy53My5vcmcvMjAwMC9zdmciPjwvc3ZnPg==\" style=\"--smush-placeholder-width: 1024px; --smush-placeholder-aspect-ratio: 1024\/576;\" \/><\/figure><\/li><li class=\"wp-block-jetpack-slideshow_slide swiper-slide\"><figure><img decoding=\"async\" width=\"1024\" height=\"576\" alt=\"\" class=\"wp-block-jetpack-slideshow_image wp-image-148220 lazyload\" data-id=\"148220\" data-aspect-ratio=\"640 \/ 360\" data-src=\"https:\/\/eldiariodesanpedro.com.ar\/sitio\/wp-content\/uploads\/2026\/02\/WhatsApp-Image-2026-02-20-at-10.52.32-1024x576.jpeg\" data-srcset=\"https:\/\/eldiariodesanpedro.com.ar\/sitio\/wp-content\/uploads\/2026\/02\/WhatsApp-Image-2026-02-20-at-10.52.32-1024x576.jpeg 1024w, https:\/\/eldiariodesanpedro.com.ar\/sitio\/wp-content\/uploads\/2026\/02\/WhatsApp-Image-2026-02-20-at-10.52.32-300x169.jpeg 300w, https:\/\/eldiariodesanpedro.com.ar\/sitio\/wp-content\/uploads\/2026\/02\/WhatsApp-Image-2026-02-20-at-10.52.32-768x432.jpeg 768w, https:\/\/eldiariodesanpedro.com.ar\/sitio\/wp-content\/uploads\/2026\/02\/WhatsApp-Image-2026-02-20-at-10.52.32.jpeg 1120w\" data-sizes=\"(max-width: 1024px) 100vw, 1024px\" src=\"data:image\/svg+xml;base64,PHN2ZyB3aWR0aD0iMSIgaGVpZ2h0PSIxIiB4bWxucz0iaHR0cDovL3d3dy53My5vcmcvMjAwMC9zdmciPjwvc3ZnPg==\" style=\"--smush-placeholder-width: 1024px; --smush-placeholder-aspect-ratio: 1024\/576;\" \/><\/figure><\/li><li class=\"wp-block-jetpack-slideshow_slide swiper-slide\"><figure><img decoding=\"async\" width=\"1024\" height=\"576\" alt=\"\" class=\"wp-block-jetpack-slideshow_image wp-image-148221 lazyload\" data-id=\"148221\" data-aspect-ratio=\"640 \/ 360\" data-src=\"https:\/\/eldiariodesanpedro.com.ar\/sitio\/wp-content\/uploads\/2026\/02\/WhatsApp-Image-2026-02-20-at-10.52.33-1024x576.jpeg\" data-srcset=\"https:\/\/eldiariodesanpedro.com.ar\/sitio\/wp-content\/uploads\/2026\/02\/WhatsApp-Image-2026-02-20-at-10.52.33-1024x576.jpeg 1024w, https:\/\/eldiariodesanpedro.com.ar\/sitio\/wp-content\/uploads\/2026\/02\/WhatsApp-Image-2026-02-20-at-10.52.33-300x169.jpeg 300w, https:\/\/eldiariodesanpedro.com.ar\/sitio\/wp-content\/uploads\/2026\/02\/WhatsApp-Image-2026-02-20-at-10.52.33-768x432.jpeg 768w, https:\/\/eldiariodesanpedro.com.ar\/sitio\/wp-content\/uploads\/2026\/02\/WhatsApp-Image-2026-02-20-at-10.52.33.jpeg 1120w\" data-sizes=\"(max-width: 1024px) 100vw, 1024px\" src=\"data:image\/svg+xml;base64,PHN2ZyB3aWR0aD0iMSIgaGVpZ2h0PSIxIiB4bWxucz0iaHR0cDovL3d3dy53My5vcmcvMjAwMC9zdmciPjwvc3ZnPg==\" style=\"--smush-placeholder-width: 1024px; --smush-placeholder-aspect-ratio: 1024\/576;\" \/><\/figure><\/li><\/ul><a class=\"wp-block-jetpack-slideshow_button-prev swiper-button-prev swiper-button-white\" role=\"button\"><\/a><a class=\"wp-block-jetpack-slideshow_button-next swiper-button-next swiper-button-white\" role=\"button\"><\/a><a aria-label=\"Pause Slideshow\" class=\"wp-block-jetpack-slideshow_button-pause\" role=\"button\"><\/a><div class=\"wp-block-jetpack-slideshow_pagination swiper-pagination swiper-pagination-white\"><\/div><\/div><\/div>\n","protected":false},"excerpt":{"rendered":"<p>Un joven de 27 a\u00f1os reaccion\u00f3 de manera ins\u00f3lita ante un control policial. La moto no ten\u00eda pedido de secuestro y no registraba impedimentos legales. Un episodio tan extra\u00f1o como inesperado ocurri\u00f3 este viernes alrededor de las 11 horas, cuando un joven de aproximadamente 27 a\u00f1os prendi\u00f3 fuego su propia motocicleta tras ser interceptado en [&hellip;]<\/p>\n","protected":false},"author":4,"featured_media":148221,"comment_status":"closed","ping_status":"closed","sticky":false,"template":"","format":"standard","meta":{"om_disable_all_campaigns":false,"_jetpack_memberships_contains_paid_content":false,"footnotes":""},"categories":[2,103],"tags":[981,8002,8012,8893,8891,8890,8892],"class_list":["post-148216","post","type-post","status-publish","format-standard","has-post-thumbnail","hentry","category-locales","category-policiales-locales","tag-bomberos-voluntarios","tag-control-policial","tag-hecho-policial","tag-identificacion-vehicular","tag-joven-incendio-moto","tag-mateo-sbert-y-davila","tag-motocicleta-110-cc"],"aioseo_notices":[],"gutentor_comment":0,"jetpack_featured_media_url":"https:\/\/eldiariodesanpedro.com.ar\/sitio\/wp-content\/uploads\/2026\/02\/WhatsApp-Image-2026-02-20-at-10.52.33.jpeg","jetpack_shortlink":"https:\/\/wp.me\/p6RhLt-CyA","jetpack_sharing_enabled":true,"_links":{"self":[{"href":"https:\/\/eldiariodesanpedro.com.ar\/sitio\/wp-json\/wp\/v2\/posts\/148216","targetHints":{"allow":["GET"]}}],"collection":[{"href":"https:\/\/eldiariodesanpedro.com.ar\/sitio\/wp-json\/wp\/v2\/posts"}],"about":[{"href":"https:\/\/eldiariodesanpedro.com.ar\/sitio\/wp-json\/wp\/v2\/types\/post"}],"author":[{"embeddable":true,"href":"https:\/\/eldiariodesanpedro.com.ar\/sitio\/wp-json\/wp\/v2\/users\/4"}],"replies":[{"embeddable":true,"href":"https:\/\/eldiariodesanpedro.com.ar\/sitio\/wp-json\/wp\/v2\/comments?post=148216"}],"version-history":[{"count":2,"href":"https:\/\/eldiariodesanpedro.com.ar\/sitio\/wp-json\/wp\/v2\/posts\/148216\/revisions"}],"predecessor-version":[{"id":148228,"href":"https:\/\/eldiariodesanpedro.com.ar\/sitio\/wp-json\/wp\/v2\/posts\/148216\/revisions\/148228"}],"wp:featuredmedia":[{"embeddable":true,"href":"https:\/\/eldiariodesanpedro.com.ar\/sitio\/wp-json\/wp\/v2\/media\/148221"}],"wp:attachment":[{"href":"https:\/\/eldiariodesanpedro.com.ar\/sitio\/wp-json\/wp\/v2\/media?parent=148216"}],"wp:term":[{"taxonomy":"category","embeddable":true,"href":"https:\/\/eldiariodesanpedro.com.ar\/sitio\/wp-json\/wp\/v2\/categories?post=148216"},{"taxonomy":"post_tag","embeddable":true,"href":"https:\/\/eldiariodesanpedro.com.ar\/sitio\/wp-json\/wp\/v2\/tags?post=148216"}],"curies":[{"name":"wp","href":"https:\/\/api.w.org\/{rel}","templated":true}]}}