{"id":148203,"date":"2026-02-19T15:59:43","date_gmt":"2026-02-19T18:59:43","guid":{"rendered":"https:\/\/eldiariodesanpedro.com.ar\/sitio\/?p=148203"},"modified":"2026-02-19T15:59:47","modified_gmt":"2026-02-19T18:59:47","slug":"detienen-a-un-hombre-de-45-anos-por-ingresar-a-una-vivienda-y-robar-una-chapa-de-12-metros","status":"publish","type":"post","link":"https:\/\/eldiariodesanpedro.com.ar\/sitio\/detienen-a-un-hombre-de-45-anos-por-ingresar-a-una-vivienda-y-robar-una-chapa-de-12-metros\/","title":{"rendered":"Detienen a un hombre de 45 a\u00f1os por ingresar a una vivienda y robar una chapa de 12 metros"},"content":{"rendered":"<!-- VideographyWP Plugin Message: Automatic video embedding prevented by plugin options. -->\n\n<p>El sospechoso fue aprehendido tras un llamado al 911 luego de sustraer una chapa de gran tama\u00f1o de una vivienda y quedar alojado en los calabozos.<\/p>\n\n\n\n<p>Un <strong>hombre de 45 a\u00f1os fue aprehendido<\/strong> este jueves luego de ser se\u00f1alado como autor de un hecho de hurto ocurrido en la zona urbana.<\/p>\n\n\n\n<p>De acuerdo a la informaci\u00f3n policial, el procedimiento se inici\u00f3 tras un <strong>llamado al servicio de emergencias 911<\/strong>, lo que permiti\u00f3 un r\u00e1pido despliegue de efectivos en inmediaciones de <strong>calle Hermano Indio, entre General Alvarado y Doctor D\u00e1vila<\/strong>.<\/p>\n\n\n\n<p>Seg\u00fan se indic\u00f3, momentos antes el individuo habr\u00eda <strong>ingresado al patio lindero de una vivienda ubicada en Manuel Iglesias al 1500<\/strong>, desde donde <strong>sustrajo una chapa de aproximadamente 12 metros de largo<\/strong>, propiedad de un joven de 20 a\u00f1os, para luego intentar darse a la fuga.<\/p>\n\n\n\n<p>Gracias al accionar inmediato del personal policial, el sospechoso fue interceptado y trasladado a la dependencia, donde qued\u00f3 <strong>alojado en el sector de calabozos<\/strong>.<\/p>\n\n\n\n<p>La causa qued\u00f3 en manos de la <strong>Fiscal\u00eda local<\/strong>, que dispuso la notificaci\u00f3n correspondiente y el avance de las actuaciones judiciales.<\/p>\n\n\n\n<p>#Policiales #Aprehendido #Hurto #Inseguridad #ProcedimientoPolicial #911 #SanPedro<\/p>\n","protected":false},"excerpt":{"rendered":"<p>El sospechoso fue aprehendido tras un llamado al 911 luego de sustraer una chapa de gran tama\u00f1o de una vivienda y quedar alojado en los calabozos. Un hombre de 45 a\u00f1os fue aprehendido este jueves luego de ser se\u00f1alado como autor de un hecho de hurto ocurrido en la zona urbana. De acuerdo a la [&hellip;]<\/p>\n","protected":false},"author":4,"featured_media":148204,"comment_status":"closed","ping_status":"closed","sticky":false,"template":"","format":"standard","meta":{"om_disable_all_campaigns":false,"_jetpack_memberships_contains_paid_content":false,"footnotes":""},"categories":[2,103],"tags":[8884,8886,8887,3602,6328,8885],"class_list":["post-148203","post","type-post","status-publish","format-standard","has-post-thumbnail","hentry","category-locales","category-policiales-locales","tag-aprehendido-45-anos","tag-hurto-en-vivienda","tag-intervencion-fiscalia-local","tag-llamado-al-911","tag-procedimiento-policial","tag-robo-de-chapa"],"aioseo_notices":[],"gutentor_comment":0,"jetpack_featured_media_url":"https:\/\/eldiariodesanpedro.com.ar\/sitio\/wp-content\/uploads\/2026\/02\/medida-1-32.jpg","jetpack_shortlink":"https:\/\/wp.me\/p6RhLt-Cyn","jetpack_sharing_enabled":true,"_links":{"self":[{"href":"https:\/\/eldiariodesanpedro.com.ar\/sitio\/wp-json\/wp\/v2\/posts\/148203","targetHints":{"allow":["GET"]}}],"collection":[{"href":"https:\/\/eldiariodesanpedro.com.ar\/sitio\/wp-json\/wp\/v2\/posts"}],"about":[{"href":"https:\/\/eldiariodesanpedro.com.ar\/sitio\/wp-json\/wp\/v2\/types\/post"}],"author":[{"embeddable":true,"href":"https:\/\/eldiariodesanpedro.com.ar\/sitio\/wp-json\/wp\/v2\/users\/4"}],"replies":[{"embeddable":true,"href":"https:\/\/eldiariodesanpedro.com.ar\/sitio\/wp-json\/wp\/v2\/comments?post=148203"}],"version-history":[{"count":1,"href":"https:\/\/eldiariodesanpedro.com.ar\/sitio\/wp-json\/wp\/v2\/posts\/148203\/revisions"}],"predecessor-version":[{"id":148205,"href":"https:\/\/eldiariodesanpedro.com.ar\/sitio\/wp-json\/wp\/v2\/posts\/148203\/revisions\/148205"}],"wp:featuredmedia":[{"embeddable":true,"href":"https:\/\/eldiariodesanpedro.com.ar\/sitio\/wp-json\/wp\/v2\/media\/148204"}],"wp:attachment":[{"href":"https:\/\/eldiariodesanpedro.com.ar\/sitio\/wp-json\/wp\/v2\/media?parent=148203"}],"wp:term":[{"taxonomy":"category","embeddable":true,"href":"https:\/\/eldiariodesanpedro.com.ar\/sitio\/wp-json\/wp\/v2\/categories?post=148203"},{"taxonomy":"post_tag","embeddable":true,"href":"https:\/\/eldiariodesanpedro.com.ar\/sitio\/wp-json\/wp\/v2\/tags?post=148203"}],"curies":[{"name":"wp","href":"https:\/\/api.w.org\/{rel}","templated":true}]}}