{"id":148197,"date":"2026-02-19T15:22:00","date_gmt":"2026-02-19T18:22:00","guid":{"rendered":"https:\/\/eldiariodesanpedro.com.ar\/sitio\/?p=148197"},"modified":"2026-02-19T15:22:05","modified_gmt":"2026-02-19T18:22:05","slug":"allanamiento-por-hurto-identificaron-a-un-joven-de-23-anos-y-secuestraron-pruebas-clave","status":"publish","type":"post","link":"https:\/\/eldiariodesanpedro.com.ar\/sitio\/allanamiento-por-hurto-identificaron-a-un-joven-de-23-anos-y-secuestraron-pruebas-clave\/","title":{"rendered":"Allanamiento por hurto: identificaron a un joven de 23 a\u00f1os y secuestraron pruebas clave"},"content":{"rendered":"<!-- VideographyWP Plugin Message: Automatic video embedding prevented by plugin options. -->\n\n<p>Tras una investigaci\u00f3n por un hurto denunciado por un hombre de 46 a\u00f1os, realizaron un allanamiento y secuestraron elementos vinculados al hecho.<\/p>\n\n\n\n<p>En el marco de una causa por <strong>hurto denunciado d\u00edas atr\u00e1s por un vecino de 46 a\u00f1os<\/strong>, personal del Gabinete Criminol\u00f3gico llev\u00f3 adelante tareas investigativas que permitieron avanzar en el esclarecimiento del caso.<\/p>\n\n\n\n<p>A partir del <strong>an\u00e1lisis de c\u00e1maras de seguridad y otras diligencias<\/strong>, los efectivos lograron establecer la presunta autor\u00eda del hecho. Con las pruebas reunidas, se solicit\u00f3 una orden de allanamiento que fue otorgada por el <strong>Juzgado de Garant\u00edas de San Nicol\u00e1s<\/strong>.<\/p>\n\n\n\n<p>El procedimiento se concret\u00f3 en una vivienda ubicada en <strong>calle 25 de Mayo al 1500<\/strong>, con la participaci\u00f3n del Destacamento Santa Luc\u00eda. Durante la diligencia, y en ausencia del sospechoso, se procedi\u00f3 a la <strong>identificaci\u00f3n del morador, un joven de 23 a\u00f1os<\/strong>, se\u00f1alado como presunto autor del il\u00edcito.<\/p>\n\n\n\n<p>En el lugar, los uniformados <strong>secuestraron prendas de vestir que habr\u00edan sido utilizadas al momento del hurto<\/strong>, elementos que quedaron a disposici\u00f3n de la Justicia para su an\u00e1lisis.<\/p>\n\n\n\n<p>Interviene la <strong>Fiscal\u00eda local<\/strong>, que dispuso el secuestro de los objetos incautados y contin\u00faa con la investigaci\u00f3n para determinar las responsabilidades correspondientes.<\/p>\n\n\n\n<p>#Allanamiento #Hurto #Policiales #Investigaci\u00f3n #SantaLuc\u00eda #Justicia #Seguridad<\/p>\n","protected":false},"excerpt":{"rendered":"<p>Tras una investigaci\u00f3n por un hurto denunciado por un hombre de 46 a\u00f1os, realizaron un allanamiento y secuestraron elementos vinculados al hecho. En el marco de una causa por hurto denunciado d\u00edas atr\u00e1s por un vecino de 46 a\u00f1os, personal del Gabinete Criminol\u00f3gico llev\u00f3 adelante tareas investigativas que permitieron avanzar en el esclarecimiento del caso. [&hellip;]<\/p>\n","protected":false},"author":4,"featured_media":148198,"comment_status":"closed","ping_status":"closed","sticky":false,"template":"","format":"standard","meta":{"om_disable_all_campaigns":false,"_jetpack_memberships_contains_paid_content":false,"footnotes":""},"categories":[2,103],"tags":[5842,8621,5214,5194,4055,8881,8880],"class_list":["post-148197","post","type-post","status-publish","format-standard","has-post-thumbnail","hentry","category-locales","category-policiales-locales","tag-allanamiento-por-hurto","tag-esclarecimiento-de-hurto","tag-investigacion-policial","tag-juzgado-de-garantias-san-nicolas","tag-operativo-policial","tag-santa-lucia-policiales","tag-secuestro-de-pruebas"],"aioseo_notices":[],"gutentor_comment":0,"jetpack_featured_media_url":"https:\/\/eldiariodesanpedro.com.ar\/sitio\/wp-content\/uploads\/2026\/02\/medida-1-30.jpg","jetpack_shortlink":"https:\/\/wp.me\/p6RhLt-Cyh","jetpack_sharing_enabled":true,"_links":{"self":[{"href":"https:\/\/eldiariodesanpedro.com.ar\/sitio\/wp-json\/wp\/v2\/posts\/148197","targetHints":{"allow":["GET"]}}],"collection":[{"href":"https:\/\/eldiariodesanpedro.com.ar\/sitio\/wp-json\/wp\/v2\/posts"}],"about":[{"href":"https:\/\/eldiariodesanpedro.com.ar\/sitio\/wp-json\/wp\/v2\/types\/post"}],"author":[{"embeddable":true,"href":"https:\/\/eldiariodesanpedro.com.ar\/sitio\/wp-json\/wp\/v2\/users\/4"}],"replies":[{"embeddable":true,"href":"https:\/\/eldiariodesanpedro.com.ar\/sitio\/wp-json\/wp\/v2\/comments?post=148197"}],"version-history":[{"count":1,"href":"https:\/\/eldiariodesanpedro.com.ar\/sitio\/wp-json\/wp\/v2\/posts\/148197\/revisions"}],"predecessor-version":[{"id":148199,"href":"https:\/\/eldiariodesanpedro.com.ar\/sitio\/wp-json\/wp\/v2\/posts\/148197\/revisions\/148199"}],"wp:featuredmedia":[{"embeddable":true,"href":"https:\/\/eldiariodesanpedro.com.ar\/sitio\/wp-json\/wp\/v2\/media\/148198"}],"wp:attachment":[{"href":"https:\/\/eldiariodesanpedro.com.ar\/sitio\/wp-json\/wp\/v2\/media?parent=148197"}],"wp:term":[{"taxonomy":"category","embeddable":true,"href":"https:\/\/eldiariodesanpedro.com.ar\/sitio\/wp-json\/wp\/v2\/categories?post=148197"},{"taxonomy":"post_tag","embeddable":true,"href":"https:\/\/eldiariodesanpedro.com.ar\/sitio\/wp-json\/wp\/v2\/tags?post=148197"}],"curies":[{"name":"wp","href":"https:\/\/api.w.org\/{rel}","templated":true}]}}