{"id":148194,"date":"2026-02-19T15:07:38","date_gmt":"2026-02-19T18:07:38","guid":{"rendered":"https:\/\/eldiariodesanpedro.com.ar\/sitio\/?p=148194"},"modified":"2026-02-19T15:07:42","modified_gmt":"2026-02-19T18:07:42","slug":"allanamiento-por-robo-agravado-aprehenden-a-una-joven-y-secuestran-un-celular","status":"publish","type":"post","link":"https:\/\/eldiariodesanpedro.com.ar\/sitio\/allanamiento-por-robo-agravado-aprehenden-a-una-joven-y-secuestran-un-celular\/","title":{"rendered":"Allanamiento por robo agravado: aprehenden a una joven y secuestran un celular"},"content":{"rendered":"<!-- VideographyWP Plugin Message: Automatic video embedding prevented by plugin options. -->\n\n<p>Tras una denuncia por robo agravado, la Polic\u00eda realiz\u00f3 un allanamiento y detuvo a una mujer de 25 a\u00f1os, secuestrando un celular vinculado a la causa.<\/p>\n\n\n\n<p>En el marco de una investigaci\u00f3n por <strong>robo agravado por efracci\u00f3n<\/strong>, personal del Gabinete de la dependencia policial llev\u00f3 adelante una <strong>diligencia de allanamiento<\/strong> en un domicilio ubicado en calle Caroni al 1400.<\/p>\n\n\n\n<p>El procedimiento se realiz\u00f3 luego de tareas investigativas iniciadas tras la denuncia de una vecina de <strong>43 a\u00f1os<\/strong>, quien d\u00edas atr\u00e1s hab\u00eda sido v\u00edctima de un il\u00edcito. Con la correspondiente orden judicial y en conjunto con efectivos del <strong>Destacamento Santa Luc\u00eda<\/strong>, se concret\u00f3 el operativo.<\/p>\n\n\n\n<p>Durante el allanamiento, los uniformados procedieron a la <strong>aprehensi\u00f3n de la moradora del lugar, una mujer de 25 a\u00f1os<\/strong>, y al <strong>secuestro de un tel\u00e9fono celular marca Samsung Galaxy A20<\/strong>, elemento que era intensamente buscado por estar vinculado a la causa.<\/p>\n\n\n\n<p>La intervenci\u00f3n qued\u00f3 a cargo de la <strong>Fiscal\u00eda local<\/strong>, que dispuso la notificaci\u00f3n de la causa por los delitos de <strong>robo agravado por efracci\u00f3n y encubrimiento<\/strong>, otorg\u00e1ndose posteriormente la libertad a la imputada conforme a lo establecido por la Justicia.<\/p>\n\n\n\n<p>La investigaci\u00f3n contin\u00faa para determinar si existen m\u00e1s personas involucradas en el hecho.<\/p>\n\n\n\n<p>#Allanamiento #RoboAgravado #Efracci\u00f3n #Encubrimiento #Policiales #Inseguridad #Investigaci\u00f3n #Secuestro #Justicia<\/p>\n","protected":false},"excerpt":{"rendered":"<p>Tras una denuncia por robo agravado, la Polic\u00eda realiz\u00f3 un allanamiento y detuvo a una mujer de 25 a\u00f1os, secuestrando un celular vinculado a la causa. En el marco de una investigaci\u00f3n por robo agravado por efracci\u00f3n, personal del Gabinete de la dependencia policial llev\u00f3 adelante una diligencia de allanamiento en un domicilio ubicado en [&hellip;]<\/p>\n","protected":false},"author":4,"featured_media":148195,"comment_status":"closed","ping_status":"closed","sticky":false,"template":"","format":"standard","meta":{"om_disable_all_campaigns":false,"_jetpack_memberships_contains_paid_content":false,"footnotes":""},"categories":[2,103],"tags":[6044,8878,5831,5418,6328,6391,8879],"class_list":["post-148194","post","type-post","status-publish","format-standard","has-post-thumbnail","hentry","category-locales","category-policiales-locales","tag-allanamiento-por-robo-agravado","tag-aprehension-mujer-25-anos","tag-encubrimiento","tag-fiscalia-local","tag-procedimiento-policial","tag-robo-agravado-por-efraccion","tag-secuestro-celular-samsung-galaxy-a20"],"aioseo_notices":[],"gutentor_comment":0,"jetpack_featured_media_url":"https:\/\/eldiariodesanpedro.com.ar\/sitio\/wp-content\/uploads\/2026\/02\/medida-1-29.jpg","jetpack_shortlink":"https:\/\/wp.me\/p6RhLt-Cye","jetpack_sharing_enabled":true,"_links":{"self":[{"href":"https:\/\/eldiariodesanpedro.com.ar\/sitio\/wp-json\/wp\/v2\/posts\/148194","targetHints":{"allow":["GET"]}}],"collection":[{"href":"https:\/\/eldiariodesanpedro.com.ar\/sitio\/wp-json\/wp\/v2\/posts"}],"about":[{"href":"https:\/\/eldiariodesanpedro.com.ar\/sitio\/wp-json\/wp\/v2\/types\/post"}],"author":[{"embeddable":true,"href":"https:\/\/eldiariodesanpedro.com.ar\/sitio\/wp-json\/wp\/v2\/users\/4"}],"replies":[{"embeddable":true,"href":"https:\/\/eldiariodesanpedro.com.ar\/sitio\/wp-json\/wp\/v2\/comments?post=148194"}],"version-history":[{"count":1,"href":"https:\/\/eldiariodesanpedro.com.ar\/sitio\/wp-json\/wp\/v2\/posts\/148194\/revisions"}],"predecessor-version":[{"id":148196,"href":"https:\/\/eldiariodesanpedro.com.ar\/sitio\/wp-json\/wp\/v2\/posts\/148194\/revisions\/148196"}],"wp:featuredmedia":[{"embeddable":true,"href":"https:\/\/eldiariodesanpedro.com.ar\/sitio\/wp-json\/wp\/v2\/media\/148195"}],"wp:attachment":[{"href":"https:\/\/eldiariodesanpedro.com.ar\/sitio\/wp-json\/wp\/v2\/media?parent=148194"}],"wp:term":[{"taxonomy":"category","embeddable":true,"href":"https:\/\/eldiariodesanpedro.com.ar\/sitio\/wp-json\/wp\/v2\/categories?post=148194"},{"taxonomy":"post_tag","embeddable":true,"href":"https:\/\/eldiariodesanpedro.com.ar\/sitio\/wp-json\/wp\/v2\/tags?post=148194"}],"curies":[{"name":"wp","href":"https:\/\/api.w.org\/{rel}","templated":true}]}}