{"id":148189,"date":"2026-02-19T14:45:25","date_gmt":"2026-02-19T17:45:25","guid":{"rendered":"https:\/\/eldiariodesanpedro.com.ar\/sitio\/?p=148189"},"modified":"2026-02-19T14:45:29","modified_gmt":"2026-02-19T17:45:29","slug":"lo-aprehendieron-por-robar-limones-en-una-finca-y-quedo-alojado-en-calabozosc","status":"publish","type":"post","link":"https:\/\/eldiariodesanpedro.com.ar\/sitio\/lo-aprehendieron-por-robar-limones-en-una-finca-y-quedo-alojado-en-calabozosc\/","title":{"rendered":"Lo aprehendieron por robar limones en una finca y qued\u00f3 alojado en calabozosc"},"content":{"rendered":"<!-- VideographyWP Plugin Message: Automatic video embedding prevented by plugin options. -->\n\n<p><strong>El joven de 26 a\u00f1os fue sorprendido tras un llamado al 911 cuando sustra\u00eda c\u00edtricos en la zona de Libertad y Litoral.<\/strong><\/p>\n\n\n\n<p>Un hombre de <strong>26 a\u00f1os fue aprehendido por tentativa de hurto<\/strong> luego de ser sorprendido cuando robaba limones de una finca ubicada en la intersecci\u00f3n de <strong>Libertad y Litoral<\/strong>.<\/p>\n\n\n\n<p>El procedimiento se activ\u00f3 a partir de un <strong>aviso al 911<\/strong>, realizado por un vecino de 33 a\u00f1os que detect\u00f3 la maniobra y alert\u00f3 a las autoridades. Personal policial acudi\u00f3 al lugar y logr\u00f3 interceptar al sospechoso a pocos metros del predio.<\/p>\n\n\n\n<p>Tras su identificaci\u00f3n, el individuo fue trasladado a la dependencia policial, donde qued\u00f3 <strong>alojado en el sector de calabozos<\/strong>, a disposici\u00f3n de la <strong>Fiscal\u00eda local<\/strong>, que dispuso la notificaci\u00f3n de la causa por <strong>tentativa de hurto<\/strong>.<\/p>\n\n\n\n<p>#Policiales #TentativaDeHurto #Aprehendido #Robo #Limones #Intervenci\u00f3nPolicial<\/p>\n\n\n\n<div class=\"wp-block-jetpack-slideshow aligncenter\" data-effect=\"slide\" style=\"--aspect-ratio:calc(354 \/ 630)\"><div class=\"wp-block-jetpack-slideshow_container swiper\"><ul class=\"wp-block-jetpack-slideshow_swiper-wrapper swiper-wrapper\"><li class=\"wp-block-jetpack-slideshow_slide swiper-slide\"><figure><img decoding=\"async\" width=\"354\" height=\"630\" alt=\"\" class=\"wp-block-jetpack-slideshow_image wp-image-148192 lazyload\" data-id=\"148192\" data-aspect-ratio=\"354 \/ 630\" data-src=\"https:\/\/eldiariodesanpedro.com.ar\/sitio\/wp-content\/uploads\/2026\/02\/3-2.jpg\" data-srcset=\"https:\/\/eldiariodesanpedro.com.ar\/sitio\/wp-content\/uploads\/2026\/02\/3-2.jpg 354w, https:\/\/eldiariodesanpedro.com.ar\/sitio\/wp-content\/uploads\/2026\/02\/3-2-169x300.jpg 169w\" data-sizes=\"(max-width: 354px) 100vw, 354px\" src=\"data:image\/svg+xml;base64,PHN2ZyB3aWR0aD0iMSIgaGVpZ2h0PSIxIiB4bWxucz0iaHR0cDovL3d3dy53My5vcmcvMjAwMC9zdmciPjwvc3ZnPg==\" style=\"--smush-placeholder-width: 354px; --smush-placeholder-aspect-ratio: 354\/630;\" \/><\/figure><\/li><li class=\"wp-block-jetpack-slideshow_slide swiper-slide\"><figure><img decoding=\"async\" width=\"355\" height=\"630\" alt=\"\" class=\"wp-block-jetpack-slideshow_image wp-image-148191 lazyload\" data-id=\"148191\" data-aspect-ratio=\"355 \/ 630\" data-src=\"https:\/\/eldiariodesanpedro.com.ar\/sitio\/wp-content\/uploads\/2026\/02\/4-2.jpg\" data-srcset=\"https:\/\/eldiariodesanpedro.com.ar\/sitio\/wp-content\/uploads\/2026\/02\/4-2.jpg 355w, https:\/\/eldiariodesanpedro.com.ar\/sitio\/wp-content\/uploads\/2026\/02\/4-2-169x300.jpg 169w\" data-sizes=\"(max-width: 355px) 100vw, 355px\" src=\"data:image\/svg+xml;base64,PHN2ZyB3aWR0aD0iMSIgaGVpZ2h0PSIxIiB4bWxucz0iaHR0cDovL3d3dy53My5vcmcvMjAwMC9zdmciPjwvc3ZnPg==\" style=\"--smush-placeholder-width: 355px; --smush-placeholder-aspect-ratio: 355\/630;\" \/><\/figure><\/li><\/ul><a class=\"wp-block-jetpack-slideshow_button-prev swiper-button-prev swiper-button-white\" role=\"button\"><\/a><a class=\"wp-block-jetpack-slideshow_button-next swiper-button-next swiper-button-white\" role=\"button\"><\/a><a aria-label=\"Pause Slideshow\" class=\"wp-block-jetpack-slideshow_button-pause\" role=\"button\"><\/a><div class=\"wp-block-jetpack-slideshow_pagination swiper-pagination swiper-pagination-white\"><\/div><\/div><\/div>\n","protected":false},"excerpt":{"rendered":"<p>El joven de 26 a\u00f1os fue sorprendido tras un llamado al 911 cuando sustra\u00eda c\u00edtricos en la zona de Libertad y Litoral. Un hombre de 26 a\u00f1os fue aprehendido por tentativa de hurto luego de ser sorprendido cuando robaba limones de una finca ubicada en la intersecci\u00f3n de Libertad y Litoral. El procedimiento se activ\u00f3 [&hellip;]<\/p>\n","protected":false},"author":4,"featured_media":148190,"comment_status":"closed","ping_status":"closed","sticky":false,"template":"","format":"standard","meta":{"om_disable_all_campaigns":false,"_jetpack_memberships_contains_paid_content":false,"footnotes":""},"categories":[2,103],"tags":[8877,5418,8012,8633,6328,8876,8770],"class_list":["post-148189","post","type-post","status-publish","format-standard","has-post-thumbnail","hentry","category-locales","category-policiales-locales","tag-aprehendido-26-anos","tag-fiscalia-local","tag-hecho-policial","tag-llamado-911","tag-procedimiento-policial","tag-robo-de-limones","tag-tentativa-de-hurto"],"aioseo_notices":[],"gutentor_comment":0,"jetpack_featured_media_url":"https:\/\/eldiariodesanpedro.com.ar\/sitio\/wp-content\/uploads\/2026\/02\/medida-1-28.jpg","jetpack_shortlink":"https:\/\/wp.me\/p6RhLt-Cy9","jetpack_sharing_enabled":true,"_links":{"self":[{"href":"https:\/\/eldiariodesanpedro.com.ar\/sitio\/wp-json\/wp\/v2\/posts\/148189","targetHints":{"allow":["GET"]}}],"collection":[{"href":"https:\/\/eldiariodesanpedro.com.ar\/sitio\/wp-json\/wp\/v2\/posts"}],"about":[{"href":"https:\/\/eldiariodesanpedro.com.ar\/sitio\/wp-json\/wp\/v2\/types\/post"}],"author":[{"embeddable":true,"href":"https:\/\/eldiariodesanpedro.com.ar\/sitio\/wp-json\/wp\/v2\/users\/4"}],"replies":[{"embeddable":true,"href":"https:\/\/eldiariodesanpedro.com.ar\/sitio\/wp-json\/wp\/v2\/comments?post=148189"}],"version-history":[{"count":1,"href":"https:\/\/eldiariodesanpedro.com.ar\/sitio\/wp-json\/wp\/v2\/posts\/148189\/revisions"}],"predecessor-version":[{"id":148193,"href":"https:\/\/eldiariodesanpedro.com.ar\/sitio\/wp-json\/wp\/v2\/posts\/148189\/revisions\/148193"}],"wp:featuredmedia":[{"embeddable":true,"href":"https:\/\/eldiariodesanpedro.com.ar\/sitio\/wp-json\/wp\/v2\/media\/148190"}],"wp:attachment":[{"href":"https:\/\/eldiariodesanpedro.com.ar\/sitio\/wp-json\/wp\/v2\/media?parent=148189"}],"wp:term":[{"taxonomy":"category","embeddable":true,"href":"https:\/\/eldiariodesanpedro.com.ar\/sitio\/wp-json\/wp\/v2\/categories?post=148189"},{"taxonomy":"post_tag","embeddable":true,"href":"https:\/\/eldiariodesanpedro.com.ar\/sitio\/wp-json\/wp\/v2\/tags?post=148189"}],"curies":[{"name":"wp","href":"https:\/\/api.w.org\/{rel}","templated":true}]}}