{"id":148187,"date":"2026-02-19T14:11:12","date_gmt":"2026-02-19T17:11:12","guid":{"rendered":"https:\/\/eldiariodesanpedro.com.ar\/sitio\/?p=148187"},"modified":"2026-02-19T14:11:17","modified_gmt":"2026-02-19T17:11:17","slug":"aprehendido-por-violencia-familiar-y-resistencia-a-la-autoridad-tras-agredir-a-su-novia-de-16-anos","status":"publish","type":"post","link":"https:\/\/eldiariodesanpedro.com.ar\/sitio\/aprehendido-por-violencia-familiar-y-resistencia-a-la-autoridad-tras-agredir-a-su-novia-de-16-anos\/","title":{"rendered":"Aprehendido por violencia familiar y resistencia a la autoridad tras agredir a su novia de 16 a\u00f1os"},"content":{"rendered":"<!-- VideographyWP Plugin Message: Automatic video embedding prevented by plugin options. -->\n\n<p><strong>Un adolescente de 17 a\u00f1os fue aprehendido durante la madrugada<\/strong> luego de ser denunciado por <strong>amenazar y agredir f\u00edsicamente a su pareja de 16 a\u00f1os<\/strong> en un hecho ocurrido en calle 60 al 1000.<\/p>\n\n\n\n<p>Seg\u00fan informaron fuentes policiales, el procedimiento se inici\u00f3 tras un <strong>llamado al 911<\/strong> que alert\u00f3 sobre una situaci\u00f3n de violencia en el interior de una vivienda. Al arribar al lugar, efectivos de la Estaci\u00f3n de Polic\u00eda Comunal intervinieron y procedieron a la <strong>aprehensi\u00f3n del joven<\/strong>, quien adem\u00e1s <strong>se habr\u00eda resistido al accionar policial<\/strong>.<\/p>\n\n\n\n<p>La v\u00edctima fue trasladada a la <strong>Comisar\u00eda de la Mujer y la Familia<\/strong>, donde recibi\u00f3 asistencia y contenci\u00f3n por parte de profesionales especializados, mientras que el adolescente fue derivado a la dependencia local.<\/p>\n\n\n\n<p>El menor qued\u00f3 imputado por los delitos de <strong>resistencia a la autoridad, amenazas y lesiones leves<\/strong>, quedando posteriormente a disposici\u00f3n de la <strong>UFI del Joven del Departamento Judicial San Nicol\u00e1s<\/strong>, que interviene en la causa.<\/p>\n\n\n\n<p>La investigaci\u00f3n contin\u00faa para determinar con precisi\u00f3n las circunstancias del episodio.<\/p>\n\n\n\n<p>#ViolenciaFamiliar #Aprehendido #Policiales #SanPedro #UFI #ComisariaDeLaMujer #LesionesLeves #Amenazas #ResistenciaALaAutoridad<\/p>\n","protected":false},"excerpt":{"rendered":"<p>Un adolescente de 17 a\u00f1os fue aprehendido durante la madrugada luego de ser denunciado por amenazar y agredir f\u00edsicamente a su pareja de 16 a\u00f1os en un hecho ocurrido en calle 60 al 1000. Seg\u00fan informaron fuentes policiales, el procedimiento se inici\u00f3 tras un llamado al 911 que alert\u00f3 sobre una situaci\u00f3n de violencia en [&hellip;]<\/p>\n","protected":false},"author":4,"featured_media":143881,"comment_status":"closed","ping_status":"closed","sticky":false,"template":"","format":"standard","meta":{"om_disable_all_campaigns":false,"_jetpack_memberships_contains_paid_content":false,"footnotes":""},"categories":[50,2,103],"tags":[8872,8874,6831,8875,5116,6236,8873],"class_list":["post-148187","post","type-post","status-publish","format-standard","has-post-thumbnail","hentry","category-destacadas","category-locales","category-policiales-locales","tag-agresion-a-menor-de-edad","tag-aprehendido-17-anos","tag-comisaria-de-la-mujer-2","tag-policiales-hoy","tag-resistencia-a-la-autoridad","tag-ufi-del-joven-san-nicolas","tag-violencia-familiar-en-san-pedro"],"aioseo_notices":[],"gutentor_comment":0,"jetpack_featured_media_url":"https:\/\/eldiariodesanpedro.com.ar\/sitio\/wp-content\/uploads\/2025\/09\/Comisaria-de-la-Mujer-y-la-Familia-800x445-1.jpg","jetpack_shortlink":"https:\/\/wp.me\/p6RhLt-Cy7","jetpack_sharing_enabled":true,"_links":{"self":[{"href":"https:\/\/eldiariodesanpedro.com.ar\/sitio\/wp-json\/wp\/v2\/posts\/148187","targetHints":{"allow":["GET"]}}],"collection":[{"href":"https:\/\/eldiariodesanpedro.com.ar\/sitio\/wp-json\/wp\/v2\/posts"}],"about":[{"href":"https:\/\/eldiariodesanpedro.com.ar\/sitio\/wp-json\/wp\/v2\/types\/post"}],"author":[{"embeddable":true,"href":"https:\/\/eldiariodesanpedro.com.ar\/sitio\/wp-json\/wp\/v2\/users\/4"}],"replies":[{"embeddable":true,"href":"https:\/\/eldiariodesanpedro.com.ar\/sitio\/wp-json\/wp\/v2\/comments?post=148187"}],"version-history":[{"count":1,"href":"https:\/\/eldiariodesanpedro.com.ar\/sitio\/wp-json\/wp\/v2\/posts\/148187\/revisions"}],"predecessor-version":[{"id":148188,"href":"https:\/\/eldiariodesanpedro.com.ar\/sitio\/wp-json\/wp\/v2\/posts\/148187\/revisions\/148188"}],"wp:featuredmedia":[{"embeddable":true,"href":"https:\/\/eldiariodesanpedro.com.ar\/sitio\/wp-json\/wp\/v2\/media\/143881"}],"wp:attachment":[{"href":"https:\/\/eldiariodesanpedro.com.ar\/sitio\/wp-json\/wp\/v2\/media?parent=148187"}],"wp:term":[{"taxonomy":"category","embeddable":true,"href":"https:\/\/eldiariodesanpedro.com.ar\/sitio\/wp-json\/wp\/v2\/categories?post=148187"},{"taxonomy":"post_tag","embeddable":true,"href":"https:\/\/eldiariodesanpedro.com.ar\/sitio\/wp-json\/wp\/v2\/tags?post=148187"}],"curies":[{"name":"wp","href":"https:\/\/api.w.org\/{rel}","templated":true}]}}