{"id":148175,"date":"2026-02-19T11:49:28","date_gmt":"2026-02-19T14:49:28","guid":{"rendered":"https:\/\/eldiariodesanpedro.com.ar\/sitio\/?p=148175"},"modified":"2026-02-19T11:49:33","modified_gmt":"2026-02-19T14:49:33","slug":"detienen-en-zarate-a-uno-de-los-posibles-protagonistas-del-robo-en-san-martin-y-gomendio","status":"publish","type":"post","link":"https:\/\/eldiariodesanpedro.com.ar\/sitio\/detienen-en-zarate-a-uno-de-los-posibles-protagonistas-del-robo-en-san-martin-y-gomendio\/","title":{"rendered":"Detienen en Z\u00e1rate a uno de los posibles protagonistas del robo en San Mart\u00edn y Gomendio"},"content":{"rendered":"<!-- VideographyWP Plugin Message: Automatic video embedding prevented by plugin options. -->\n\n<p>Un operativo conjunto permiti\u00f3 detener en Z\u00e1rate a uno de los sospechosos por el robo en San Mart\u00edn y Gomendio. El auto ten\u00eda pedido de secuestro activo.<\/p>\n\n\n\n<p>En el marco de la investigaci\u00f3n por el <strong>robo agravado y privaci\u00f3n ilegal de la libertad<\/strong> ocurrido semanas atr\u00e1s en viviendas de <strong>San Mart\u00edn y Gomendio<\/strong>, personal de la <strong>Sub DDI Baradero\u2013San Pedro<\/strong> logr\u00f3 la detenci\u00f3n de uno de los posibles protagonistas del hecho en la ciudad de Z\u00e1rate.<\/p>\n\n\n\n<p>La causa, con intervenci\u00f3n de la <strong>UFI N\u00b0 11<\/strong>, avanz\u00f3 a partir del an\u00e1lisis de filmaciones del Centro de Monitoreo Municipal y c\u00e1maras privadas. Las tareas permitieron establecer que los autores se movilizaban en un <strong>Volkswagen Suran verde claro<\/strong>, dominio OWW281, que fue visto salir de la ciudad tras el il\u00edcito.<\/p>\n\n\n\n<p>Ante estos datos, se solicit\u00f3 a los centros de monitoreo de localidades vecinas que incorporaran la patente al sistema LPR (lector de patentes). Desde el Centro de Operaciones Z\u00e1rate informaron que el veh\u00edculo hab\u00eda sido detectado en esa jurisdicci\u00f3n.<\/p>\n\n\n\n<p>Con esa informaci\u00f3n, una comisi\u00f3n policial viaj\u00f3 a Z\u00e1rate y, tras nuevas tareas investigativas y seguimiento, se mont\u00f3 un operativo conjunto con la Sub DDI local. En la intersecci\u00f3n de <strong>Osvaldo Pugliese y Carlos Gardel<\/strong>, los efectivos concretaron la <strong>aprehensi\u00f3n de los ocupantes<\/strong>, quienes intentaron darse a la fuga pero fueron interceptados mediante un <strong>operativo cerrojo<\/strong>.<\/p>\n\n\n\n<p>Durante la inspecci\u00f3n del rodado se constat\u00f3 que la patente colocada no coincid\u00eda con la original. Adem\u00e1s, el sistema inform\u00e1tico arroj\u00f3 que el autom\u00f3vil ten\u00eda <strong>pedido de secuestro activo desde el 16 de octubre de 2025 por robo calificado automotor<\/strong>.<\/p>\n\n\n\n<p>Con estos elementos, la Fiscal\u00eda aval\u00f3 lo actuado y dispuso la <strong>aprehensi\u00f3n del masculino por robo agravado y privaci\u00f3n ilegal de la libertad<\/strong>, mientras que en Z\u00e1rate se iniciaron actuaciones por <strong>encubrimiento, atentado y resistencia a la autoridad<\/strong> contra ambos ocupantes.<\/p>\n\n\n\n<p>El detenido ser\u00e1 indagado en la UFI N\u00b0 11 y permanecer\u00e1 alojado en dependencia policial a la espera de cupo.<\/p>\n\n\n\n<p>#RoboAgravado #SanPedro #Zarate #Policiales #Investigacion #SubDDI #Seguridad<\/p>\n\n\n\n<p><\/p>\n\n\n\n<div class=\"wp-block-jetpack-slideshow aligncenter\" data-effect=\"slide\" style=\"--aspect-ratio:calc(640 \/ 360)\"><div class=\"wp-block-jetpack-slideshow_container swiper\"><ul class=\"wp-block-jetpack-slideshow_swiper-wrapper swiper-wrapper\"><li class=\"wp-block-jetpack-slideshow_slide swiper-slide\"><figure><img decoding=\"async\" width=\"1024\" height=\"576\" alt=\"\" class=\"wp-block-jetpack-slideshow_image wp-image-148179 lazyload\" data-id=\"148179\" data-aspect-ratio=\"640 \/ 360\" data-src=\"https:\/\/eldiariodesanpedro.com.ar\/sitio\/wp-content\/uploads\/2026\/02\/Snapshot_3-1024x576.png\" data-srcset=\"https:\/\/eldiariodesanpedro.com.ar\/sitio\/wp-content\/uploads\/2026\/02\/Snapshot_3-1024x576.png 1024w, https:\/\/eldiariodesanpedro.com.ar\/sitio\/wp-content\/uploads\/2026\/02\/Snapshot_3-300x169.png 300w, https:\/\/eldiariodesanpedro.com.ar\/sitio\/wp-content\/uploads\/2026\/02\/Snapshot_3-768x432.png 768w, https:\/\/eldiariodesanpedro.com.ar\/sitio\/wp-content\/uploads\/2026\/02\/Snapshot_3.png 1120w\" data-sizes=\"(max-width: 1024px) 100vw, 1024px\" src=\"data:image\/svg+xml;base64,PHN2ZyB3aWR0aD0iMSIgaGVpZ2h0PSIxIiB4bWxucz0iaHR0cDovL3d3dy53My5vcmcvMjAwMC9zdmciPjwvc3ZnPg==\" style=\"--smush-placeholder-width: 1024px; --smush-placeholder-aspect-ratio: 1024\/576;\" \/><\/figure><\/li><li class=\"wp-block-jetpack-slideshow_slide swiper-slide\"><figure><img decoding=\"async\" width=\"1024\" height=\"576\" alt=\"\" class=\"wp-block-jetpack-slideshow_image wp-image-148178 lazyload\" data-id=\"148178\" data-aspect-ratio=\"640 \/ 360\" data-src=\"https:\/\/eldiariodesanpedro.com.ar\/sitio\/wp-content\/uploads\/2026\/02\/Snapshot_2-1-1024x576.jpg\" data-srcset=\"https:\/\/eldiariodesanpedro.com.ar\/sitio\/wp-content\/uploads\/2026\/02\/Snapshot_2-1-1024x576.jpg 1024w, https:\/\/eldiariodesanpedro.com.ar\/sitio\/wp-content\/uploads\/2026\/02\/Snapshot_2-1-300x169.jpg 300w, https:\/\/eldiariodesanpedro.com.ar\/sitio\/wp-content\/uploads\/2026\/02\/Snapshot_2-1-768x432.jpg 768w, https:\/\/eldiariodesanpedro.com.ar\/sitio\/wp-content\/uploads\/2026\/02\/Snapshot_2-1.jpg 1120w\" data-sizes=\"(max-width: 1024px) 100vw, 1024px\" src=\"data:image\/svg+xml;base64,PHN2ZyB3aWR0aD0iMSIgaGVpZ2h0PSIxIiB4bWxucz0iaHR0cDovL3d3dy53My5vcmcvMjAwMC9zdmciPjwvc3ZnPg==\" style=\"--smush-placeholder-width: 1024px; --smush-placeholder-aspect-ratio: 1024\/576;\" \/><\/figure><\/li><li class=\"wp-block-jetpack-slideshow_slide swiper-slide\"><figure><img decoding=\"async\" width=\"1024\" height=\"576\" alt=\"\" class=\"wp-block-jetpack-slideshow_image wp-image-148177 lazyload\" data-id=\"148177\" data-aspect-ratio=\"640 \/ 360\" data-src=\"https:\/\/eldiariodesanpedro.com.ar\/sitio\/wp-content\/uploads\/2026\/02\/Snapshot_1-1-1024x576.jpg\" data-srcset=\"https:\/\/eldiariodesanpedro.com.ar\/sitio\/wp-content\/uploads\/2026\/02\/Snapshot_1-1-1024x576.jpg 1024w, https:\/\/eldiariodesanpedro.com.ar\/sitio\/wp-content\/uploads\/2026\/02\/Snapshot_1-1-300x169.jpg 300w, https:\/\/eldiariodesanpedro.com.ar\/sitio\/wp-content\/uploads\/2026\/02\/Snapshot_1-1-768x432.jpg 768w, https:\/\/eldiariodesanpedro.com.ar\/sitio\/wp-content\/uploads\/2026\/02\/Snapshot_1-1.jpg 1120w\" data-sizes=\"(max-width: 1024px) 100vw, 1024px\" src=\"data:image\/svg+xml;base64,PHN2ZyB3aWR0aD0iMSIgaGVpZ2h0PSIxIiB4bWxucz0iaHR0cDovL3d3dy53My5vcmcvMjAwMC9zdmciPjwvc3ZnPg==\" style=\"--smush-placeholder-width: 1024px; --smush-placeholder-aspect-ratio: 1024\/576;\" \/><\/figure><\/li><li class=\"wp-block-jetpack-slideshow_slide swiper-slide\"><figure><img decoding=\"async\" width=\"1024\" height=\"576\" alt=\"\" class=\"wp-block-jetpack-slideshow_image wp-image-148176 lazyload\" data-id=\"148176\" data-aspect-ratio=\"640 \/ 360\" data-src=\"https:\/\/eldiariodesanpedro.com.ar\/sitio\/wp-content\/uploads\/2026\/02\/Snapshot-1-3-1024x576.jpg\" data-srcset=\"https:\/\/eldiariodesanpedro.com.ar\/sitio\/wp-content\/uploads\/2026\/02\/Snapshot-1-3-1024x576.jpg 1024w, https:\/\/eldiariodesanpedro.com.ar\/sitio\/wp-content\/uploads\/2026\/02\/Snapshot-1-3-300x169.jpg 300w, https:\/\/eldiariodesanpedro.com.ar\/sitio\/wp-content\/uploads\/2026\/02\/Snapshot-1-3-768x432.jpg 768w, https:\/\/eldiariodesanpedro.com.ar\/sitio\/wp-content\/uploads\/2026\/02\/Snapshot-1-3.jpg 1120w\" data-sizes=\"(max-width: 1024px) 100vw, 1024px\" src=\"data:image\/svg+xml;base64,PHN2ZyB3aWR0aD0iMSIgaGVpZ2h0PSIxIiB4bWxucz0iaHR0cDovL3d3dy53My5vcmcvMjAwMC9zdmciPjwvc3ZnPg==\" style=\"--smush-placeholder-width: 1024px; --smush-placeholder-aspect-ratio: 1024\/576;\" \/><\/figure><\/li><\/ul><a class=\"wp-block-jetpack-slideshow_button-prev swiper-button-prev swiper-button-white\" role=\"button\"><\/a><a class=\"wp-block-jetpack-slideshow_button-next swiper-button-next swiper-button-white\" role=\"button\"><\/a><a aria-label=\"Pause Slideshow\" class=\"wp-block-jetpack-slideshow_button-pause\" role=\"button\"><\/a><div class=\"wp-block-jetpack-slideshow_pagination swiper-pagination swiper-pagination-white\"><\/div><\/div><\/div>\n","protected":false},"excerpt":{"rendered":"<p>Un operativo conjunto permiti\u00f3 detener en Z\u00e1rate a uno de los sospechosos por el robo en San Mart\u00edn y Gomendio. El auto ten\u00eda pedido de secuestro activo. En el marco de la investigaci\u00f3n por el robo agravado y privaci\u00f3n ilegal de la libertad ocurrido semanas atr\u00e1s en viviendas de San Mart\u00edn y Gomendio, personal de [&hellip;]<\/p>\n","protected":false},"author":4,"featured_media":148176,"comment_status":"closed","ping_status":"closed","sticky":false,"template":"","format":"standard","meta":{"om_disable_all_campaigns":false,"_jetpack_memberships_contains_paid_content":false,"footnotes":""},"categories":[50,2,103],"tags":[8863,5214,6705,5121,8862,8173,3952,8864],"class_list":["post-148175","post","type-post","status-publish","format-standard","has-post-thumbnail","hentry","category-destacadas","category-locales","category-policiales-locales","tag-detenido-en-zarate","tag-investigacion-policial","tag-operativo-cerrojo","tag-pedido-de-secuestro-activo","tag-robo-en-san-martin-y-gomendio","tag-sub-ddi-baradero-san-pedro","tag-ufi-11-2","tag-volkswagen-suran-secuestrado"],"aioseo_notices":[],"gutentor_comment":0,"jetpack_featured_media_url":"https:\/\/eldiariodesanpedro.com.ar\/sitio\/wp-content\/uploads\/2026\/02\/Snapshot-1-3.jpg","jetpack_shortlink":"https:\/\/wp.me\/p6RhLt-CxV","jetpack_sharing_enabled":true,"_links":{"self":[{"href":"https:\/\/eldiariodesanpedro.com.ar\/sitio\/wp-json\/wp\/v2\/posts\/148175","targetHints":{"allow":["GET"]}}],"collection":[{"href":"https:\/\/eldiariodesanpedro.com.ar\/sitio\/wp-json\/wp\/v2\/posts"}],"about":[{"href":"https:\/\/eldiariodesanpedro.com.ar\/sitio\/wp-json\/wp\/v2\/types\/post"}],"author":[{"embeddable":true,"href":"https:\/\/eldiariodesanpedro.com.ar\/sitio\/wp-json\/wp\/v2\/users\/4"}],"replies":[{"embeddable":true,"href":"https:\/\/eldiariodesanpedro.com.ar\/sitio\/wp-json\/wp\/v2\/comments?post=148175"}],"version-history":[{"count":1,"href":"https:\/\/eldiariodesanpedro.com.ar\/sitio\/wp-json\/wp\/v2\/posts\/148175\/revisions"}],"predecessor-version":[{"id":148180,"href":"https:\/\/eldiariodesanpedro.com.ar\/sitio\/wp-json\/wp\/v2\/posts\/148175\/revisions\/148180"}],"wp:featuredmedia":[{"embeddable":true,"href":"https:\/\/eldiariodesanpedro.com.ar\/sitio\/wp-json\/wp\/v2\/media\/148176"}],"wp:attachment":[{"href":"https:\/\/eldiariodesanpedro.com.ar\/sitio\/wp-json\/wp\/v2\/media?parent=148175"}],"wp:term":[{"taxonomy":"category","embeddable":true,"href":"https:\/\/eldiariodesanpedro.com.ar\/sitio\/wp-json\/wp\/v2\/categories?post=148175"},{"taxonomy":"post_tag","embeddable":true,"href":"https:\/\/eldiariodesanpedro.com.ar\/sitio\/wp-json\/wp\/v2\/tags?post=148175"}],"curies":[{"name":"wp","href":"https:\/\/api.w.org\/{rel}","templated":true}]}}