{"id":148172,"date":"2026-02-19T11:15:34","date_gmt":"2026-02-19T14:15:34","guid":{"rendered":"https:\/\/eldiariodesanpedro.com.ar\/sitio\/?p=148172"},"modified":"2026-02-19T11:15:38","modified_gmt":"2026-02-19T14:15:38","slug":"dos-hombres-fueron-aprehendidos-tras-una-rina-callejera-y-quedaron-imputados-por-lesiones-leves","status":"publish","type":"post","link":"https:\/\/eldiariodesanpedro.com.ar\/sitio\/dos-hombres-fueron-aprehendidos-tras-una-rina-callejera-y-quedaron-imputados-por-lesiones-leves\/","title":{"rendered":"Dos hombres fueron aprehendidos tras una ri\u00f1a callejera y quedaron imputados por lesiones leves"},"content":{"rendered":"<!-- VideographyWP Plugin Message: Automatic video embedding prevented by plugin options. -->\n\n<p>Dos hombres de 18 y 37 a\u00f1os fueron detenidos luego de protagonizar una pelea en la v\u00eda p\u00fablica y quedaron a disposici\u00f3n de la UFI 7 por lesiones leves en ri\u00f1a.<\/p>\n\n\n\n<p>En horas de la ma\u00f1ana del \u00faltimo d\u00eda, <strong>personal de la Estaci\u00f3n de Polic\u00eda Comunal intervino ante una ri\u00f1a en la v\u00eda p\u00fablica<\/strong>, en la intersecci\u00f3n de las calles <strong>Manuel Iglesias y Auli<\/strong>, donde dos hombres se encontraban protagonizando una pelea.<\/p>\n\n\n\n<p>Seg\u00fan informaron fuentes policiales, <strong>los involucrados, de 18 y 37 a\u00f1os, se estaban agrediendo f\u00edsicamente por motivos personales<\/strong>, provoc\u00e1ndose lesiones de car\u00e1cter leve entre ambos.<\/p>\n\n\n\n<p>Tras el arribo de los efectivos, <strong>los dos sujetos fueron aprehendidos en el lugar y trasladados a la dependencia policial<\/strong>, donde se iniciaron actuaciones bajo la car\u00e1tula de <strong>\u201clesiones leves en ri\u00f1a\u201d<\/strong>.<\/p>\n\n\n\n<p>Ambos quedaron <strong>a disposici\u00f3n de la Unidad Funcional de Instrucci\u00f3n N\u00b0 7<\/strong>, que interviene en la causa y determinar\u00e1 los pasos procesales a seguir.<\/p>\n\n\n\n<p>#Policiales #Ri\u00f1a #LesionesLeves #Aprehendidos #UFI7 #Seguridad #Actualidad<\/p>\n","protected":false},"excerpt":{"rendered":"<p>Dos hombres de 18 y 37 a\u00f1os fueron detenidos luego de protagonizar una pelea en la v\u00eda p\u00fablica y quedaron a disposici\u00f3n de la UFI 7 por lesiones leves en ri\u00f1a. En horas de la ma\u00f1ana del \u00faltimo d\u00eda, personal de la Estaci\u00f3n de Polic\u00eda Comunal intervino ante una ri\u00f1a en la v\u00eda p\u00fablica, en [&hellip;]<\/p>\n","protected":false},"author":4,"featured_media":148173,"comment_status":"closed","ping_status":"closed","sticky":false,"template":"","format":"standard","meta":{"om_disable_all_campaigns":false,"_jetpack_memberships_contains_paid_content":false,"footnotes":""},"categories":[2,103],"tags":[935,3694,8860,8861,5672,8859,1738],"class_list":["post-148172","post","type-post","status-publish","format-standard","has-post-thumbnail","hentry","category-locales","category-policiales-locales","tag-aprehendidos","tag-intervencion-policial","tag-lesiones-leves-en-rina","tag-pelea-en-la-via-publica","tag-policia-comunal","tag-rina-callejera","tag-ufi-7"],"aioseo_notices":[],"gutentor_comment":0,"jetpack_featured_media_url":"https:\/\/eldiariodesanpedro.com.ar\/sitio\/wp-content\/uploads\/2026\/02\/medida-1-25.jpg","jetpack_shortlink":"https:\/\/wp.me\/p6RhLt-CxS","jetpack_sharing_enabled":true,"_links":{"self":[{"href":"https:\/\/eldiariodesanpedro.com.ar\/sitio\/wp-json\/wp\/v2\/posts\/148172","targetHints":{"allow":["GET"]}}],"collection":[{"href":"https:\/\/eldiariodesanpedro.com.ar\/sitio\/wp-json\/wp\/v2\/posts"}],"about":[{"href":"https:\/\/eldiariodesanpedro.com.ar\/sitio\/wp-json\/wp\/v2\/types\/post"}],"author":[{"embeddable":true,"href":"https:\/\/eldiariodesanpedro.com.ar\/sitio\/wp-json\/wp\/v2\/users\/4"}],"replies":[{"embeddable":true,"href":"https:\/\/eldiariodesanpedro.com.ar\/sitio\/wp-json\/wp\/v2\/comments?post=148172"}],"version-history":[{"count":1,"href":"https:\/\/eldiariodesanpedro.com.ar\/sitio\/wp-json\/wp\/v2\/posts\/148172\/revisions"}],"predecessor-version":[{"id":148174,"href":"https:\/\/eldiariodesanpedro.com.ar\/sitio\/wp-json\/wp\/v2\/posts\/148172\/revisions\/148174"}],"wp:featuredmedia":[{"embeddable":true,"href":"https:\/\/eldiariodesanpedro.com.ar\/sitio\/wp-json\/wp\/v2\/media\/148173"}],"wp:attachment":[{"href":"https:\/\/eldiariodesanpedro.com.ar\/sitio\/wp-json\/wp\/v2\/media?parent=148172"}],"wp:term":[{"taxonomy":"category","embeddable":true,"href":"https:\/\/eldiariodesanpedro.com.ar\/sitio\/wp-json\/wp\/v2\/categories?post=148172"},{"taxonomy":"post_tag","embeddable":true,"href":"https:\/\/eldiariodesanpedro.com.ar\/sitio\/wp-json\/wp\/v2\/tags?post=148172"}],"curies":[{"name":"wp","href":"https:\/\/api.w.org\/{rel}","templated":true}]}}