{"id":148169,"date":"2026-02-19T11:01:08","date_gmt":"2026-02-19T14:01:08","guid":{"rendered":"https:\/\/eldiariodesanpedro.com.ar\/sitio\/?p=148169"},"modified":"2026-02-19T11:01:13","modified_gmt":"2026-02-19T14:01:13","slug":"el-ciclo-de-verano-cerro-con-balance-positivo-y-gran-participacion-en-el-centro","status":"publish","type":"post","link":"https:\/\/eldiariodesanpedro.com.ar\/sitio\/el-ciclo-de-verano-cerro-con-balance-positivo-y-gran-participacion-en-el-centro\/","title":{"rendered":"El ciclo de verano cerr\u00f3 con balance positivo y gran participaci\u00f3n en el centro"},"content":{"rendered":"<!-- VideographyWP Plugin Message: Automatic video embedding prevented by plugin options. -->\n\n<p>Tras varias semanas de actividades culturales y comerciales, el ciclo de verano culmin\u00f3 con amplia convocatoria y un fuerte impacto en la actividad c\u00e9ntrica.<\/p>\n\n\n\n<p>Con una respuesta sostenida del p\u00fablico y una agenda cargada de propuestas, <strong>concluy\u00f3 el ciclo de verano impulsado por la C\u00e1mara de Turismo del Centro de Comercio<\/strong>, una iniciativa que durante varias semanas transform\u00f3 el centro en un espacio de encuentro para vecinos y visitantes.<\/p>\n\n\n\n<p>La programaci\u00f3n, organizada con el acompa\u00f1amiento de la productora dFabular y la participaci\u00f3n de artistas locales, se desarroll\u00f3 principalmente de jueves a domingo \u2014y en algunos casos tambi\u00e9n los lunes\u2014, ofreciendo espect\u00e1culos y actividades que <strong>dinamizaron la actividad comercial y gastron\u00f3mica<\/strong> del \u00e1rea c\u00e9ntrica.<\/p>\n\n\n\n<p>El cierre tuvo un \u00faltimo fin de semana destacado. El s\u00e1bado se realiz\u00f3 una <strong>clase abierta de salsa, bachata y comercial<\/strong>, junto con una muestra en rueda de casino sobre calle Mitre y el show musical de <strong>Pablito y la SPB<\/strong>, que aport\u00f3 ritmo y convocatoria.<\/p>\n\n\n\n<p>El domingo estuvo marcado por una noche dedicada al folklore, con presentaciones de <strong>Joaqu\u00edn Churruar\u00edn, La Bit\u00e1cora de Flavia y Emilio Manicler<\/strong>, adem\u00e1s de artistas invitados y los ballets \u201cLos de Salta\u201d y un elenco proveniente de Baradero. La despedida lleg\u00f3 el lunes con la energ\u00eda de <strong>La 22 y Roc\u00edo Guilmen<\/strong>, que pusieron el broche final a la temporada.<\/p>\n\n\n\n<p>La agenda tambi\u00e9n incluy\u00f3 funciones especiales de la obra teatral <strong>\u201cDivas pero Falladas Recargadas\u201d<\/strong>, ampliando la oferta cultural y consolidando una propuesta variada que integr\u00f3 m\u00fasica, danza y teatro.<\/p>\n\n\n\n<p>En paralelo, la C\u00e1mara respald\u00f3 y extendi\u00f3 la <strong>ornamentaci\u00f3n lum\u00ednica sobre calle Mitre<\/strong>, aportando un atractivo visual que acompa\u00f1\u00f3 el movimiento nocturno. Comerciantes de otras cuadras tambi\u00e9n se sumaron con shows folkl\u00f3ricos en distintos fines de semana, fortaleciendo el trabajo conjunto y la articulaci\u00f3n entre sectores.<\/p>\n\n\n\n<p>Desde la organizaci\u00f3n destacaron que <strong>el balance fue altamente positivo<\/strong>, agradeciendo a artistas, comerciantes, emprendedores y al p\u00fablico por el acompa\u00f1amiento. Asimismo, reafirmaron el compromiso de continuar generando iniciativas que impulsen el desarrollo tur\u00edstico, cultural y comercial, en un contexto desafiante para quienes sostienen la actividad econ\u00f3mica local.<\/p>\n\n\n\n<p>#CicloDeVerano #C\u00e1maraDeTurismo #CentroComercial #CulturaLocal #Turismo #Folklore #M\u00fasicaEnVivo #DesarrolloLocal<\/p>\n","protected":false},"excerpt":{"rendered":"<p>Tras varias semanas de actividades culturales y comerciales, el ciclo de verano culmin\u00f3 con amplia convocatoria y un fuerte impacto en la actividad c\u00e9ntrica. Con una respuesta sostenida del p\u00fablico y una agenda cargada de propuestas, concluy\u00f3 el ciclo de verano impulsado por la C\u00e1mara de Turismo del Centro de Comercio, una iniciativa que durante [&hellip;]<\/p>\n","protected":false},"author":4,"featured_media":148170,"comment_status":"closed","ping_status":"closed","sticky":false,"template":"","format":"standard","meta":{"om_disable_all_campaigns":false,"_jetpack_memberships_contains_paid_content":false,"footnotes":""},"categories":[50,101,2],"tags":[8858,3655,7707,1503,8856,3861,8857,3675,4080],"class_list":["post-148169","post","type-post","status-publish","format-standard","has-post-thumbnail","hentry","category-destacadas","category-interes-general-locales","category-locales","tag-actividad-comercial","tag-actividades-culturales","tag-camara-de-turismo","tag-centro-de-comercio","tag-ciclo-de-verano","tag-desarrollo-turistico","tag-espectaculos-en-el-centro","tag-folklore","tag-musica-en-vivo"],"aioseo_notices":[],"gutentor_comment":0,"jetpack_featured_media_url":"https:\/\/eldiariodesanpedro.com.ar\/sitio\/wp-content\/uploads\/2026\/02\/medida-1-24.jpg","jetpack_shortlink":"https:\/\/wp.me\/p6RhLt-CxP","jetpack_sharing_enabled":true,"_links":{"self":[{"href":"https:\/\/eldiariodesanpedro.com.ar\/sitio\/wp-json\/wp\/v2\/posts\/148169","targetHints":{"allow":["GET"]}}],"collection":[{"href":"https:\/\/eldiariodesanpedro.com.ar\/sitio\/wp-json\/wp\/v2\/posts"}],"about":[{"href":"https:\/\/eldiariodesanpedro.com.ar\/sitio\/wp-json\/wp\/v2\/types\/post"}],"author":[{"embeddable":true,"href":"https:\/\/eldiariodesanpedro.com.ar\/sitio\/wp-json\/wp\/v2\/users\/4"}],"replies":[{"embeddable":true,"href":"https:\/\/eldiariodesanpedro.com.ar\/sitio\/wp-json\/wp\/v2\/comments?post=148169"}],"version-history":[{"count":1,"href":"https:\/\/eldiariodesanpedro.com.ar\/sitio\/wp-json\/wp\/v2\/posts\/148169\/revisions"}],"predecessor-version":[{"id":148171,"href":"https:\/\/eldiariodesanpedro.com.ar\/sitio\/wp-json\/wp\/v2\/posts\/148169\/revisions\/148171"}],"wp:featuredmedia":[{"embeddable":true,"href":"https:\/\/eldiariodesanpedro.com.ar\/sitio\/wp-json\/wp\/v2\/media\/148170"}],"wp:attachment":[{"href":"https:\/\/eldiariodesanpedro.com.ar\/sitio\/wp-json\/wp\/v2\/media?parent=148169"}],"wp:term":[{"taxonomy":"category","embeddable":true,"href":"https:\/\/eldiariodesanpedro.com.ar\/sitio\/wp-json\/wp\/v2\/categories?post=148169"},{"taxonomy":"post_tag","embeddable":true,"href":"https:\/\/eldiariodesanpedro.com.ar\/sitio\/wp-json\/wp\/v2\/tags?post=148169"}],"curies":[{"name":"wp","href":"https:\/\/api.w.org\/{rel}","templated":true}]}}