{"id":148147,"date":"2026-02-18T14:09:17","date_gmt":"2026-02-18T17:09:17","guid":{"rendered":"https:\/\/eldiariodesanpedro.com.ar\/sitio\/?p=148147"},"modified":"2026-02-18T14:09:21","modified_gmt":"2026-02-18T17:09:21","slug":"comenzaron-las-obras-para-el-patio-gastronomico-en-la-ex-terminal-de-omnibus","status":"publish","type":"post","link":"https:\/\/eldiariodesanpedro.com.ar\/sitio\/comenzaron-las-obras-para-el-patio-gastronomico-en-la-ex-terminal-de-omnibus\/","title":{"rendered":"Comenzaron las obras para el patio gastron\u00f3mico en la ex terminal de \u00f3mnibus"},"content":{"rendered":"<!-- VideographyWP Plugin Message: Automatic video embedding prevented by plugin options. -->\n\n<p><strong>La transformaci\u00f3n del hist\u00f3rico edificio ya est\u00e1 en marcha y contempla un patio de comidas, anfiteatro y renovaci\u00f3n integral del predio.<\/strong><\/p>\n\n\n\n<p>En los \u00faltimos d\u00edas <strong>se iniciaron los trabajos de remodelaci\u00f3n en el edificio de la ex terminal de \u00f3mnibus<\/strong>, un espacio que durante a\u00f1os permaneci\u00f3 deteriorado y que ahora ser\u00e1 reconvertido en un <strong>nuevo polo gastron\u00f3mico y cultural<\/strong>.<\/p>\n\n\n\n<p>La obra comenz\u00f3 luego del proceso de licitaci\u00f3n p\u00fablica, en el que se presentaron tres propuestas. Finalmente, la firma <strong>Espacio Delta<\/strong> fue la adjudicataria del proyecto y ya dio inicio a las tareas en el predio ubicado en el radio delimitado por las calles <strong>Uruguay, Oliveira C\u00e9zar, Gomendio y San Mart\u00edn<\/strong>.<\/p>\n\n\n\n<p>El eje central de la iniciativa ser\u00e1 la construcci\u00f3n de un <strong>patio de comidas<\/strong>, pensado como un punto de encuentro para vecinos y visitantes. Adem\u00e1s, el proyecto incluye la creaci\u00f3n de <strong>un anfiteatro en el sector de la plaza<\/strong>, la renovaci\u00f3n completa de los ambientes internos y un <strong>recambio total de la fachada<\/strong>, que adoptar\u00e1 un dise\u00f1o m\u00e1s moderno y din\u00e1mico.<\/p>\n\n\n\n<p>La cara visible del emprendimiento es el ex secretario de Gobierno <strong>Jonathan Galv\u00e1n<\/strong>, quien acompa\u00f1\u00f3 al intendente <strong>Cecilio Salazar<\/strong> al inicio de su gesti\u00f3n. Las tareas de ejecuci\u00f3n est\u00e1n a cargo de <strong>una empresa constructora local<\/strong>.<\/p>\n\n\n\n<p>Con esta intervenci\u00f3n, se busca <strong>recuperar un espacio emblem\u00e1tico de la ciudad<\/strong>, impulsar la actividad gastron\u00f3mica y generar un nuevo atractivo urbano que combine propuestas comerciales y culturales.<\/p>\n\n\n\n<p>#ExTerminal #PatioDeComidas #Obras #DesarrolloUrbano #Gastronom\u00eda #Inversi\u00f3nPrivada #EspacioDelta #JonathanGalv\u00e1n #CecilioSalazar<\/p>\n","protected":false},"excerpt":{"rendered":"<p>La transformaci\u00f3n del hist\u00f3rico edificio ya est\u00e1 en marcha y contempla un patio de comidas, anfiteatro y renovaci\u00f3n integral del predio. En los \u00faltimos d\u00edas se iniciaron los trabajos de remodelaci\u00f3n en el edificio de la ex terminal de \u00f3mnibus, un espacio que durante a\u00f1os permaneci\u00f3 deteriorado y que ahora ser\u00e1 reconvertido en un nuevo [&hellip;]<\/p>\n","protected":false},"author":4,"featured_media":148148,"comment_status":"closed","ping_status":"closed","sticky":false,"template":"","format":"standard","meta":{"om_disable_all_campaigns":false,"_jetpack_memberships_contains_paid_content":false,"footnotes":""},"categories":[50,101,2],"tags":[8830,1059,8829,6769,8827,6775,8828,7051,4083,8831],"class_list":["post-148147","post","type-post","status-publish","format-standard","has-post-thumbnail","hentry","category-destacadas","category-interes-general-locales","category-locales","tag-anfiteatro","tag-cecilio-salazar","tag-desarrollo-urbano","tag-espacio-delta","tag-ex-terminal-de-omnibus-2","tag-inversion-privada","tag-jonathan-galvan","tag-obras-en-san-pedro","tag-patio-gastronomico","tag-renovacion-edilicia"],"aioseo_notices":[],"gutentor_comment":0,"jetpack_featured_media_url":"https:\/\/eldiariodesanpedro.com.ar\/sitio\/wp-content\/uploads\/2026\/02\/0000023786-resized-960x540-1.jpg","jetpack_shortlink":"https:\/\/wp.me\/p6RhLt-Cxt","jetpack_sharing_enabled":true,"_links":{"self":[{"href":"https:\/\/eldiariodesanpedro.com.ar\/sitio\/wp-json\/wp\/v2\/posts\/148147","targetHints":{"allow":["GET"]}}],"collection":[{"href":"https:\/\/eldiariodesanpedro.com.ar\/sitio\/wp-json\/wp\/v2\/posts"}],"about":[{"href":"https:\/\/eldiariodesanpedro.com.ar\/sitio\/wp-json\/wp\/v2\/types\/post"}],"author":[{"embeddable":true,"href":"https:\/\/eldiariodesanpedro.com.ar\/sitio\/wp-json\/wp\/v2\/users\/4"}],"replies":[{"embeddable":true,"href":"https:\/\/eldiariodesanpedro.com.ar\/sitio\/wp-json\/wp\/v2\/comments?post=148147"}],"version-history":[{"count":2,"href":"https:\/\/eldiariodesanpedro.com.ar\/sitio\/wp-json\/wp\/v2\/posts\/148147\/revisions"}],"predecessor-version":[{"id":148150,"href":"https:\/\/eldiariodesanpedro.com.ar\/sitio\/wp-json\/wp\/v2\/posts\/148147\/revisions\/148150"}],"wp:featuredmedia":[{"embeddable":true,"href":"https:\/\/eldiariodesanpedro.com.ar\/sitio\/wp-json\/wp\/v2\/media\/148148"}],"wp:attachment":[{"href":"https:\/\/eldiariodesanpedro.com.ar\/sitio\/wp-json\/wp\/v2\/media?parent=148147"}],"wp:term":[{"taxonomy":"category","embeddable":true,"href":"https:\/\/eldiariodesanpedro.com.ar\/sitio\/wp-json\/wp\/v2\/categories?post=148147"},{"taxonomy":"post_tag","embeddable":true,"href":"https:\/\/eldiariodesanpedro.com.ar\/sitio\/wp-json\/wp\/v2\/tags?post=148147"}],"curies":[{"name":"wp","href":"https:\/\/api.w.org\/{rel}","templated":true}]}}