{"id":148144,"date":"2026-02-18T13:44:08","date_gmt":"2026-02-18T16:44:08","guid":{"rendered":"https:\/\/eldiariodesanpedro.com.ar\/sitio\/?p=148144"},"modified":"2026-02-18T13:44:13","modified_gmt":"2026-02-18T16:44:13","slug":"detuvieron-a-un-profugo-de-40-anos-por-abuso-sexual-agravado-con-acceso-carnal","status":"publish","type":"post","link":"https:\/\/eldiariodesanpedro.com.ar\/sitio\/detuvieron-a-un-profugo-de-40-anos-por-abuso-sexual-agravado-con-acceso-carnal\/","title":{"rendered":"Detuvieron a un pr\u00f3fugo de 40 a\u00f1os por abuso sexual agravado con acceso carnal"},"content":{"rendered":"<!-- VideographyWP Plugin Message: Automatic video embedding prevented by plugin options. -->\n\n<p>El hombre estaba pr\u00f3fugo desde 2020 y fue localizado en Resistencia tras una investigaci\u00f3n que incluy\u00f3 an\u00e1lisis de IP, redes y billeteras virtuales.<\/p>\n\n\n\n<p>En el marco de una causa por <strong>abuso sexual agravado con acceso carnal<\/strong>, personal de la <strong>Sub DDI Baradero \u2013 San Pedro<\/strong> logr\u00f3 la <strong>detenci\u00f3n de un hombre de 40 a\u00f1os que se encontraba pr\u00f3fugo desde 2020<\/strong>.<\/p>\n\n\n\n<p>La investigaci\u00f3n fue impulsada por la <strong>Unidad Funcional de Instrucci\u00f3n y Juicio N\u00b0 11<\/strong>, a cargo de la <strong>Dra. Viviana Ramos<\/strong>, quien encomend\u00f3 tareas espec\u00edficas para dar con el paradero de <strong>N\u00e9stor Gerardo Alfonzo<\/strong>, sobre quien pesaba un pedido de captura vigente.<\/p>\n\n\n\n<p>En una primera etapa, a mediados de 2022, se estableci\u00f3 que el imputado podr\u00eda estar residiendo en la ciudad de <strong>Resistencia<\/strong>, provincia del Chaco. A partir de esa informaci\u00f3n, se organiz\u00f3 una comisi\u00f3n policial en conjunto con la Polic\u00eda local y se realiz\u00f3 un allanamiento en el domicilio de un familiar del sospechoso, aunque el procedimiento arroj\u00f3 resultado negativo.<\/p>\n\n\n\n<p>Lejos de abandonar la b\u00fasqueda, los investigadores profundizaron las tareas de inteligencia mediante el <strong>an\u00e1lisis de l\u00edneas telef\u00f3nicas, cuentas bancarias, redes sociales y movimientos financieros a trav\u00e9s de billeteras virtuales<\/strong>. A trav\u00e9s de la <strong>geolocalizaci\u00f3n de direcciones IP utilizadas para realizar transferencias<\/strong>, lograron determinar que el imputado se encontraba en horarios reiterados en una plaza y en la zona peatonal de la ciudad mencionada.<\/p>\n\n\n\n<p>Con estos datos, se solicit\u00f3 la colaboraci\u00f3n de la Direcci\u00f3n de Investigaciones Criminales de la Polic\u00eda del Chaco, quienes finalmente lograron <strong>ubicar y detener al acusado mientras vend\u00eda pochoclos en la peatonal de Resistencia<\/strong>, actividad que ya desarrollaba antes de los hechos investigados.<\/p>\n\n\n\n<p>En la jornada de hoy, efectivos de la Sub DDI Baradero \u2013 San Pedro se trasladaron a la provincia del Chaco para concretar el traslado del detenido a esta ciudad, donde <strong>permanecer\u00e1 alojado en la sede policial a la espera de cupo en una unidad carcelaria<\/strong>.<\/p>\n\n\n\n<p>Se inform\u00f3 adem\u00e1s que el imputado <strong>ya fue indagado de manera online por la fiscal interviniente<\/strong>, quedando la causa bajo la \u00f3rbita de la <strong>UFI N\u00b0 11<\/strong> y el <strong>Juzgado de Garant\u00edas N\u00b0 3 de San Nicol\u00e1s<\/strong>.<\/p>\n\n\n\n<p>#abusoSexual #detencion #profugo #SubDDI #UFI11 #Justicia #policiales #SanNicolas #Chaco #Resistencia<\/p>\n","protected":false},"excerpt":{"rendered":"<p>El hombre estaba pr\u00f3fugo desde 2020 y fue localizado en Resistencia tras una investigaci\u00f3n que incluy\u00f3 an\u00e1lisis de IP, redes y billeteras virtuales. En el marco de una causa por abuso sexual agravado con acceso carnal, personal de la Sub DDI Baradero \u2013 San Pedro logr\u00f3 la detenci\u00f3n de un hombre de 40 a\u00f1os que [&hellip;]<\/p>\n","protected":false},"author":4,"featured_media":148145,"comment_status":"closed","ping_status":"closed","sticky":false,"template":"","format":"standard","meta":{"om_disable_all_campaigns":false,"_jetpack_memberships_contains_paid_content":false,"footnotes":""},"categories":[50,2,103],"tags":[8820,8823,8821,8822,8824,8173,8825,3952,989],"class_list":["post-148144","post","type-post","status-publish","format-standard","has-post-thumbnail","hentry","category-destacadas","category-locales","category-policiales-locales","tag-abuso-sexual-agravado-con-acceso-carnal","tag-billeteras-virtuales","tag-detencion-de-profugo","tag-geolocalizacion-ip","tag-investigacion-criminal","tag-sub-ddi-baradero-san-pedro","tag-traslado-de-detenido","tag-ufi-11-2","tag-viviana-ramos"],"aioseo_notices":[],"gutentor_comment":0,"jetpack_featured_media_url":"https:\/\/eldiariodesanpedro.com.ar\/sitio\/wp-content\/uploads\/2026\/02\/Snapshot-1-2.jpg","jetpack_shortlink":"https:\/\/wp.me\/p6RhLt-Cxq","jetpack_sharing_enabled":true,"_links":{"self":[{"href":"https:\/\/eldiariodesanpedro.com.ar\/sitio\/wp-json\/wp\/v2\/posts\/148144","targetHints":{"allow":["GET"]}}],"collection":[{"href":"https:\/\/eldiariodesanpedro.com.ar\/sitio\/wp-json\/wp\/v2\/posts"}],"about":[{"href":"https:\/\/eldiariodesanpedro.com.ar\/sitio\/wp-json\/wp\/v2\/types\/post"}],"author":[{"embeddable":true,"href":"https:\/\/eldiariodesanpedro.com.ar\/sitio\/wp-json\/wp\/v2\/users\/4"}],"replies":[{"embeddable":true,"href":"https:\/\/eldiariodesanpedro.com.ar\/sitio\/wp-json\/wp\/v2\/comments?post=148144"}],"version-history":[{"count":1,"href":"https:\/\/eldiariodesanpedro.com.ar\/sitio\/wp-json\/wp\/v2\/posts\/148144\/revisions"}],"predecessor-version":[{"id":148146,"href":"https:\/\/eldiariodesanpedro.com.ar\/sitio\/wp-json\/wp\/v2\/posts\/148144\/revisions\/148146"}],"wp:featuredmedia":[{"embeddable":true,"href":"https:\/\/eldiariodesanpedro.com.ar\/sitio\/wp-json\/wp\/v2\/media\/148145"}],"wp:attachment":[{"href":"https:\/\/eldiariodesanpedro.com.ar\/sitio\/wp-json\/wp\/v2\/media?parent=148144"}],"wp:term":[{"taxonomy":"category","embeddable":true,"href":"https:\/\/eldiariodesanpedro.com.ar\/sitio\/wp-json\/wp\/v2\/categories?post=148144"},{"taxonomy":"post_tag","embeddable":true,"href":"https:\/\/eldiariodesanpedro.com.ar\/sitio\/wp-json\/wp\/v2\/tags?post=148144"}],"curies":[{"name":"wp","href":"https:\/\/api.w.org\/{rel}","templated":true}]}}