{"id":148142,"date":"2026-02-18T13:20:11","date_gmt":"2026-02-18T16:20:11","guid":{"rendered":"https:\/\/eldiariodesanpedro.com.ar\/sitio\/?p=148142"},"modified":"2026-02-18T13:20:17","modified_gmt":"2026-02-18T16:20:17","slug":"fallecio-juan-carlos-canete-a-los-76-anos","status":"publish","type":"post","link":"https:\/\/eldiariodesanpedro.com.ar\/sitio\/fallecio-juan-carlos-canete-a-los-76-anos\/","title":{"rendered":"Falleci\u00f3 Juan Carlos Ca\u00f1ete a los 76 a\u00f1os"},"content":{"rendered":"<!-- VideographyWP Plugin Message: Automatic video embedding prevented by plugin options. -->\n\n<p><strong>Juan Carlos Ca\u00f1ete falleci\u00f3 a los 76 a\u00f1os<\/strong> y sus restos son velados en la Sala N\u00b03, con servicio hasta este 18 de febrero a las 10:00.<\/p>\n\n\n\n<p>La comunidad despide con pesar a <strong>Juan Carlos Ca\u00f1ete, de 76 a\u00f1os<\/strong>, cuyo fallecimiento se produjo en las \u00faltimas horas. Sus restos son velados en la <strong>Sala N\u00b03<\/strong>, ubicada en <strong>3 de Febrero 1475<\/strong>, donde familiares y allegados pueden acercarse a darle el \u00faltimo adi\u00f3s.<\/p>\n\n\n\n<p>El servicio de sepelio se extender\u00e1 <strong>hasta las 10:00 horas del 18 de febrero de 2026<\/strong>, seg\u00fan inform\u00f3 <strong>Coopser Servicios Sociales<\/strong>, a cargo de las exequias.<\/p>\n\n\n\n<p>Familiares, amigos y vecinos acompa\u00f1an en este dif\u00edcil momento a sus seres queridos, elevando una oraci\u00f3n por su eterno descanso.<\/p>\n\n\n\n<p>#Necrol\u00f3gicas #Fallecimiento #SanPedro #Coopser #JuanCarlosCa\u00f1ete #Informaci\u00f3nLocal<\/p>\n\n\n\n<h3 class=\"wp-block-heading\"><\/h3>\n","protected":false},"excerpt":{"rendered":"<p>Juan Carlos Ca\u00f1ete falleci\u00f3 a los 76 a\u00f1os y sus restos son velados en la Sala N\u00b03, con servicio hasta este 18 de febrero a las 10:00. La comunidad despide con pesar a Juan Carlos Ca\u00f1ete, de 76 a\u00f1os, cuyo fallecimiento se produjo en las \u00faltimas horas. Sus restos son velados en la Sala N\u00b03, [&hellip;]<\/p>\n","protected":false},"author":4,"featured_media":113757,"comment_status":"closed","ping_status":"closed","sticky":false,"template":"","format":"standard","meta":{"om_disable_all_campaigns":false,"_jetpack_memberships_contains_paid_content":false,"footnotes":""},"categories":[8424],"tags":[8315,5113,8816,8817,8428,8818,8819],"class_list":["post-148142","post","type-post","status-publish","format-standard","has-post-thumbnail","hentry","category-necrologicas","tag-3-de-febrero-1475","tag-coopser-servicios-sociales","tag-fallecio-a-los-76-anos","tag-juan-carlos-canete","tag-necrologicas","tag-sala-n3","tag-sepelio-18-de-febrero-2026"],"aioseo_notices":[],"gutentor_comment":0,"jetpack_featured_media_url":"https:\/\/eldiariodesanpedro.com.ar\/sitio\/wp-content\/uploads\/2023\/01\/necrologicas.jpg","jetpack_shortlink":"https:\/\/wp.me\/p6RhLt-Cxo","jetpack_sharing_enabled":true,"_links":{"self":[{"href":"https:\/\/eldiariodesanpedro.com.ar\/sitio\/wp-json\/wp\/v2\/posts\/148142","targetHints":{"allow":["GET"]}}],"collection":[{"href":"https:\/\/eldiariodesanpedro.com.ar\/sitio\/wp-json\/wp\/v2\/posts"}],"about":[{"href":"https:\/\/eldiariodesanpedro.com.ar\/sitio\/wp-json\/wp\/v2\/types\/post"}],"author":[{"embeddable":true,"href":"https:\/\/eldiariodesanpedro.com.ar\/sitio\/wp-json\/wp\/v2\/users\/4"}],"replies":[{"embeddable":true,"href":"https:\/\/eldiariodesanpedro.com.ar\/sitio\/wp-json\/wp\/v2\/comments?post=148142"}],"version-history":[{"count":1,"href":"https:\/\/eldiariodesanpedro.com.ar\/sitio\/wp-json\/wp\/v2\/posts\/148142\/revisions"}],"predecessor-version":[{"id":148143,"href":"https:\/\/eldiariodesanpedro.com.ar\/sitio\/wp-json\/wp\/v2\/posts\/148142\/revisions\/148143"}],"wp:featuredmedia":[{"embeddable":true,"href":"https:\/\/eldiariodesanpedro.com.ar\/sitio\/wp-json\/wp\/v2\/media\/113757"}],"wp:attachment":[{"href":"https:\/\/eldiariodesanpedro.com.ar\/sitio\/wp-json\/wp\/v2\/media?parent=148142"}],"wp:term":[{"taxonomy":"category","embeddable":true,"href":"https:\/\/eldiariodesanpedro.com.ar\/sitio\/wp-json\/wp\/v2\/categories?post=148142"},{"taxonomy":"post_tag","embeddable":true,"href":"https:\/\/eldiariodesanpedro.com.ar\/sitio\/wp-json\/wp\/v2\/tags?post=148142"}],"curies":[{"name":"wp","href":"https:\/\/api.w.org\/{rel}","templated":true}]}}