{"id":148135,"date":"2026-02-17T12:42:05","date_gmt":"2026-02-17T15:42:05","guid":{"rendered":"https:\/\/eldiariodesanpedro.com.ar\/sitio\/?p=148135"},"modified":"2026-02-17T12:42:10","modified_gmt":"2026-02-17T15:42:10","slug":"colision-entre-moto-y-camioneta-dejo-a-un-joven-de-18-anos-con-lesiones-leves","status":"publish","type":"post","link":"https:\/\/eldiariodesanpedro.com.ar\/sitio\/colision-entre-moto-y-camioneta-dejo-a-un-joven-de-18-anos-con-lesiones-leves\/","title":{"rendered":"Colisi\u00f3n entre moto y camioneta dej\u00f3 a un joven de 18 a\u00f1os con lesiones leves"},"content":{"rendered":"<!-- VideographyWP Plugin Message: Automatic video embedding prevented by plugin options. -->\n\n<p><strong>Un motociclista de 18 a\u00f1os fue hospitalizado tras chocar con una Chevrolet Tracker en Mitre al 700. Interviene la fiscal\u00eda en turno.<\/strong><\/p>\n\n\n\n<p>Un nuevo siniestro vial se registr\u00f3 en la ciudad cuando <strong>personal policial acudi\u00f3 tras un llamado al 911 a la zona de Mitre al 700<\/strong>, donde por causas que a\u00fan se investigan <strong>colisionaron una motocicleta y un autom\u00f3vil<\/strong>.<\/p>\n\n\n\n<p>El hecho involucr\u00f3 a una <strong>motocicleta Honda Wave de color negro, sin dominio colocado<\/strong>, conducida por un joven de <strong>18 a\u00f1os<\/strong>, y a un <strong>autom\u00f3vil Chevrolet Tracker gris<\/strong>, manejado por un masculino de <strong>20 a\u00f1os<\/strong>.<\/p>\n\n\n\n<p>Como consecuencia del impacto, <strong>el conductor del rodado menor sufri\u00f3 lesiones de car\u00e1cter leve<\/strong> y debi\u00f3 ser trasladado al nosocomio local por una ambulancia del <strong>SAME 107<\/strong>, que se hizo presente en el lugar para asistir a los involucrados.<\/p>\n\n\n\n<p>Las actuaciones fueron remitidas a la <strong>fiscal\u00eda en turno<\/strong>, que interviene en el marco de una causa caratulada como <strong>lesiones culposas<\/strong>, mientras se trabajan para determinar las circunstancias en que se produjo el choque.<\/p>\n\n\n\n<p>#Accidente #LesionesCulposas #SiniestroVial #HondaWave #ChevroletTracker #Policiales #SAME107<\/p>\n","protected":false},"excerpt":{"rendered":"<p>Un motociclista de 18 a\u00f1os fue hospitalizado tras chocar con una Chevrolet Tracker en Mitre al 700. Interviene la fiscal\u00eda en turno. Un nuevo siniestro vial se registr\u00f3 en la ciudad cuando personal policial acudi\u00f3 tras un llamado al 911 a la zona de Mitre al 700, donde por causas que a\u00fan se investigan colisionaron [&hellip;]<\/p>\n","protected":false},"author":4,"featured_media":148137,"comment_status":"closed","ping_status":"closed","sticky":false,"template":"","format":"standard","meta":{"om_disable_all_campaigns":false,"_jetpack_memberships_contains_paid_content":false,"footnotes":""},"categories":[2,103],"tags":[8811,8815,8641,8814,8812,6845,3951,8813],"class_list":["post-148135","post","type-post","status-publish","format-standard","has-post-thumbnail","hentry","category-locales","category-policiales-locales","tag-accidente-en-mitre-700","tag-chevrolet-tracker-gris","tag-choque-moto-y-auto","tag-honda-wave-negra","tag-intervencion-fiscalia","tag-joven-herido","tag-lesiones-leves","tag-siniestro-vial-en-la-ciudad"],"aioseo_notices":[],"gutentor_comment":0,"jetpack_featured_media_url":"https:\/\/eldiariodesanpedro.com.ar\/sitio\/wp-content\/uploads\/2026\/02\/medida-1-22.jpg","jetpack_shortlink":"https:\/\/wp.me\/p6RhLt-Cxh","jetpack_sharing_enabled":true,"_links":{"self":[{"href":"https:\/\/eldiariodesanpedro.com.ar\/sitio\/wp-json\/wp\/v2\/posts\/148135","targetHints":{"allow":["GET"]}}],"collection":[{"href":"https:\/\/eldiariodesanpedro.com.ar\/sitio\/wp-json\/wp\/v2\/posts"}],"about":[{"href":"https:\/\/eldiariodesanpedro.com.ar\/sitio\/wp-json\/wp\/v2\/types\/post"}],"author":[{"embeddable":true,"href":"https:\/\/eldiariodesanpedro.com.ar\/sitio\/wp-json\/wp\/v2\/users\/4"}],"replies":[{"embeddable":true,"href":"https:\/\/eldiariodesanpedro.com.ar\/sitio\/wp-json\/wp\/v2\/comments?post=148135"}],"version-history":[{"count":1,"href":"https:\/\/eldiariodesanpedro.com.ar\/sitio\/wp-json\/wp\/v2\/posts\/148135\/revisions"}],"predecessor-version":[{"id":148138,"href":"https:\/\/eldiariodesanpedro.com.ar\/sitio\/wp-json\/wp\/v2\/posts\/148135\/revisions\/148138"}],"wp:featuredmedia":[{"embeddable":true,"href":"https:\/\/eldiariodesanpedro.com.ar\/sitio\/wp-json\/wp\/v2\/media\/148137"}],"wp:attachment":[{"href":"https:\/\/eldiariodesanpedro.com.ar\/sitio\/wp-json\/wp\/v2\/media?parent=148135"}],"wp:term":[{"taxonomy":"category","embeddable":true,"href":"https:\/\/eldiariodesanpedro.com.ar\/sitio\/wp-json\/wp\/v2\/categories?post=148135"},{"taxonomy":"post_tag","embeddable":true,"href":"https:\/\/eldiariodesanpedro.com.ar\/sitio\/wp-json\/wp\/v2\/tags?post=148135"}],"curies":[{"name":"wp","href":"https:\/\/api.w.org\/{rel}","templated":true}]}}