{"id":148133,"date":"2026-02-17T12:20:55","date_gmt":"2026-02-17T15:20:55","guid":{"rendered":"https:\/\/eldiariodesanpedro.com.ar\/sitio\/?p=148133"},"modified":"2026-02-17T12:20:58","modified_gmt":"2026-02-17T15:20:58","slug":"fallecio-reinaldo-hector-botta-a-los-81-anos","status":"publish","type":"post","link":"https:\/\/eldiariodesanpedro.com.ar\/sitio\/fallecio-reinaldo-hector-botta-a-los-81-anos\/","title":{"rendered":"Falleci\u00f3 Reinaldo H\u00e9ctor Botta a los 81 a\u00f1os"},"content":{"rendered":"<!-- VideographyWP Plugin Message: Automatic video embedding prevented by plugin options. -->\n\n<p>Reinaldo H\u00e9ctor Botta falleci\u00f3 a los 81 a\u00f1os. Sus restos son velados en sala 3 y el servicio se realizar\u00e1 hasta el mediod\u00eda de este 17 de febrero.<\/p>\n\n\n\n<p>Con profundo pesar se inform\u00f3 el <strong>fallecimiento de Reinaldo H\u00e9ctor Botta, a los 81 a\u00f1os de edad<\/strong>, hecho que enluta a familiares, amigos y allegados.<\/p>\n\n\n\n<p>Sus restos son velados en la <strong>Sala N\u00b03<\/strong>, ubicada en 3 de Febrero 1475. El <strong>servicio se extender\u00e1 hasta las 12:00 horas del 17 de febrero de 2026<\/strong>, seg\u00fan lo comunicado por <strong>Coopser Servicios Sociales<\/strong>.<\/p>\n\n\n\n<p>Familiares y seres queridos acompa\u00f1an este dif\u00edcil momento, despidiendo a quien fuera parte de una apreciada familia de la comunidad.<\/p>\n\n\n\n<p>#Necrol\u00f3gica #Fallecimiento #SanPedro #QEPD #Coopser #ReinaldoBotta<\/p>\n","protected":false},"excerpt":{"rendered":"<p>Reinaldo H\u00e9ctor Botta falleci\u00f3 a los 81 a\u00f1os. Sus restos son velados en sala 3 y el servicio se realizar\u00e1 hasta el mediod\u00eda de este 17 de febrero. Con profundo pesar se inform\u00f3 el fallecimiento de Reinaldo H\u00e9ctor Botta, a los 81 a\u00f1os de edad, hecho que enluta a familiares, amigos y allegados. Sus restos [&hellip;]<\/p>\n","protected":false},"author":4,"featured_media":113757,"comment_status":"closed","ping_status":"closed","sticky":false,"template":"","format":"standard","meta":{"om_disable_all_campaigns":false,"_jetpack_memberships_contains_paid_content":false,"footnotes":""},"categories":[8424],"tags":[8809,5113,8807,7701,8808,7398,8810],"class_list":["post-148133","post","type-post","status-publish","format-standard","has-post-thumbnail","hentry","category-necrologicas","tag-81-anos","tag-coopser-servicios-sociales","tag-fallecio-2","tag-necrologica-san-pedro","tag-reinaldo-hector-botta","tag-sala-velatoria-3","tag-servicio-17-de-febrero-2026"],"aioseo_notices":[],"gutentor_comment":0,"jetpack_featured_media_url":"https:\/\/eldiariodesanpedro.com.ar\/sitio\/wp-content\/uploads\/2023\/01\/necrologicas.jpg","jetpack_shortlink":"https:\/\/wp.me\/p6RhLt-Cxf","jetpack_sharing_enabled":true,"_links":{"self":[{"href":"https:\/\/eldiariodesanpedro.com.ar\/sitio\/wp-json\/wp\/v2\/posts\/148133","targetHints":{"allow":["GET"]}}],"collection":[{"href":"https:\/\/eldiariodesanpedro.com.ar\/sitio\/wp-json\/wp\/v2\/posts"}],"about":[{"href":"https:\/\/eldiariodesanpedro.com.ar\/sitio\/wp-json\/wp\/v2\/types\/post"}],"author":[{"embeddable":true,"href":"https:\/\/eldiariodesanpedro.com.ar\/sitio\/wp-json\/wp\/v2\/users\/4"}],"replies":[{"embeddable":true,"href":"https:\/\/eldiariodesanpedro.com.ar\/sitio\/wp-json\/wp\/v2\/comments?post=148133"}],"version-history":[{"count":1,"href":"https:\/\/eldiariodesanpedro.com.ar\/sitio\/wp-json\/wp\/v2\/posts\/148133\/revisions"}],"predecessor-version":[{"id":148134,"href":"https:\/\/eldiariodesanpedro.com.ar\/sitio\/wp-json\/wp\/v2\/posts\/148133\/revisions\/148134"}],"wp:featuredmedia":[{"embeddable":true,"href":"https:\/\/eldiariodesanpedro.com.ar\/sitio\/wp-json\/wp\/v2\/media\/113757"}],"wp:attachment":[{"href":"https:\/\/eldiariodesanpedro.com.ar\/sitio\/wp-json\/wp\/v2\/media?parent=148133"}],"wp:term":[{"taxonomy":"category","embeddable":true,"href":"https:\/\/eldiariodesanpedro.com.ar\/sitio\/wp-json\/wp\/v2\/categories?post=148133"},{"taxonomy":"post_tag","embeddable":true,"href":"https:\/\/eldiariodesanpedro.com.ar\/sitio\/wp-json\/wp\/v2\/tags?post=148133"}],"curies":[{"name":"wp","href":"https:\/\/api.w.org\/{rel}","templated":true}]}}