{"id":148131,"date":"2026-02-17T12:08:46","date_gmt":"2026-02-17T15:08:46","guid":{"rendered":"https:\/\/eldiariodesanpedro.com.ar\/sitio\/?p=148131"},"modified":"2026-02-17T12:31:52","modified_gmt":"2026-02-17T15:31:52","slug":"coopser-inicio-una-revision-integral-de-los-suministros-electricos-en-el-partido","status":"publish","type":"post","link":"https:\/\/eldiariodesanpedro.com.ar\/sitio\/coopser-inicio-una-revision-integral-de-los-suministros-electricos-en-el-partido\/","title":{"rendered":"Coopser inici\u00f3 una revisi\u00f3n integral de los suministros el\u00e9ctricos en el Partido"},"content":{"rendered":"<!-- VideographyWP Plugin Message: Automatic video embedding prevented by plugin options. -->\n\n<p><strong>La Cooperativa anunci\u00f3 controles generales tras detectar irregularidades que provocaron cortes y actuaciones administrativas.<\/strong><\/p>\n\n\n\n<p>La Cooperativa de Servicios P\u00fablicos <strong>Coopser<\/strong> puso en marcha una <strong>revisi\u00f3n integral de todos los suministros el\u00e9ctricos en el Partido<\/strong>, luego de detectar situaciones irregulares que derivaron en <strong>interrupciones del servicio y apertura de actuaciones administrativas<\/strong>.<\/p>\n\n\n\n<p>Desde el Consejo de Administraci\u00f3n recordaron que <strong>la \u00fanica persona responsable del suministro el\u00e9ctrico es quien figura como titular registrado en la Cooperativa<\/strong>, con sus datos personales debidamente actualizados en el sistema.<\/p>\n\n\n\n<p>En ese sentido, advirtieron que ante la verificaci\u00f3n de <strong>conexiones clandestinas, cesi\u00f3n indebida de medidores, robo de energ\u00eda \u2014directo o indirecto\u2014 o cualquier maniobra il\u00edcita vinculada al servicio<\/strong>, se aplicar\u00e1n medidas estrictas. Estas incluyen <strong>el corte inmediato del suministro el\u00e9ctrico<\/strong> y el <strong>inicio del proceso de expulsi\u00f3n como socio<\/strong>, lo que implica la p\u00e9rdida de derechos y beneficios otorgados por la entidad.<\/p>\n\n\n\n<p>La Cooperativa solicit\u00f3 a los asociados <strong>revisar su situaci\u00f3n administrativa de manera exhaustiva<\/strong> y, ante cualquier irregularidad o duda, acercarse a las oficinas correspondientes para avanzar en la regularizaci\u00f3n.<\/p>\n\n\n\n<p>Desde la entidad remarcaron que <strong>el cumplimiento de las normas es fundamental para garantizar un servicio equitativo y transparente para toda la comunidad<\/strong>, evitando perjuicios colectivos y asegurando el correcto funcionamiento del sistema el\u00e9ctrico.<\/p>\n\n\n\n<p>#Coopser #ServicioEl\u00e9ctrico #ControlDeSuministros #Energ\u00eda #CortesDeLuz #SanPedro #Cooperativa<\/p>\n","protected":false},"excerpt":{"rendered":"<p>La Cooperativa anunci\u00f3 controles generales tras detectar irregularidades que provocaron cortes y actuaciones administrativas. La Cooperativa de Servicios P\u00fablicos Coopser puso en marcha una revisi\u00f3n integral de todos los suministros el\u00e9ctricos en el Partido, luego de detectar situaciones irregulares que derivaron en interrupciones del servicio y apertura de actuaciones administrativas. Desde el Consejo de Administraci\u00f3n [&hellip;]<\/p>\n","protected":false},"author":4,"featured_media":148136,"comment_status":"closed","ping_status":"closed","sticky":false,"template":"","format":"standard","meta":{"om_disable_all_campaigns":false,"_jetpack_memberships_contains_paid_content":false,"footnotes":""},"categories":[101,2],"tags":[8802,8805,7144,1046,8804,8806,8801,8803],"class_list":["post-148131","post","type-post","status-publish","format-standard","has-post-thumbnail","hentry","category-interes-general-locales","category-locales","tag-conexiones-irregulares","tag-control-administrativo","tag-cooperativa-electrica","tag-coopser","tag-corte-de-servicio","tag-partido-de-san-pedro","tag-revision-de-suministros-electricos","tag-robo-de-energia"],"aioseo_notices":[],"gutentor_comment":0,"jetpack_featured_media_url":"https:\/\/eldiariodesanpedro.com.ar\/sitio\/wp-content\/uploads\/2026\/02\/COOPSER.jpg","jetpack_shortlink":"https:\/\/wp.me\/p6RhLt-Cxd","jetpack_sharing_enabled":true,"_links":{"self":[{"href":"https:\/\/eldiariodesanpedro.com.ar\/sitio\/wp-json\/wp\/v2\/posts\/148131","targetHints":{"allow":["GET"]}}],"collection":[{"href":"https:\/\/eldiariodesanpedro.com.ar\/sitio\/wp-json\/wp\/v2\/posts"}],"about":[{"href":"https:\/\/eldiariodesanpedro.com.ar\/sitio\/wp-json\/wp\/v2\/types\/post"}],"author":[{"embeddable":true,"href":"https:\/\/eldiariodesanpedro.com.ar\/sitio\/wp-json\/wp\/v2\/users\/4"}],"replies":[{"embeddable":true,"href":"https:\/\/eldiariodesanpedro.com.ar\/sitio\/wp-json\/wp\/v2\/comments?post=148131"}],"version-history":[{"count":1,"href":"https:\/\/eldiariodesanpedro.com.ar\/sitio\/wp-json\/wp\/v2\/posts\/148131\/revisions"}],"predecessor-version":[{"id":148132,"href":"https:\/\/eldiariodesanpedro.com.ar\/sitio\/wp-json\/wp\/v2\/posts\/148131\/revisions\/148132"}],"wp:featuredmedia":[{"embeddable":true,"href":"https:\/\/eldiariodesanpedro.com.ar\/sitio\/wp-json\/wp\/v2\/media\/148136"}],"wp:attachment":[{"href":"https:\/\/eldiariodesanpedro.com.ar\/sitio\/wp-json\/wp\/v2\/media?parent=148131"}],"wp:term":[{"taxonomy":"category","embeddable":true,"href":"https:\/\/eldiariodesanpedro.com.ar\/sitio\/wp-json\/wp\/v2\/categories?post=148131"},{"taxonomy":"post_tag","embeddable":true,"href":"https:\/\/eldiariodesanpedro.com.ar\/sitio\/wp-json\/wp\/v2\/tags?post=148131"}],"curies":[{"name":"wp","href":"https:\/\/api.w.org\/{rel}","templated":true}]}}