{"id":148129,"date":"2026-02-17T11:51:40","date_gmt":"2026-02-17T14:51:40","guid":{"rendered":"https:\/\/eldiariodesanpedro.com.ar\/sitio\/?p=148129"},"modified":"2026-02-17T11:51:45","modified_gmt":"2026-02-17T14:51:45","slug":"corte-programado-de-energia-este-miercoles-por-trabajos-en-media-tension","status":"publish","type":"post","link":"https:\/\/eldiariodesanpedro.com.ar\/sitio\/corte-programado-de-energia-este-miercoles-por-trabajos-en-media-tension\/","title":{"rendered":"Corte programado de energ\u00eda este mi\u00e9rcoles por trabajos en media tensi\u00f3n"},"content":{"rendered":"<!-- VideographyWP Plugin Message: Automatic video embedding prevented by plugin options. -->\n\n<p>La interrupci\u00f3n del servicio el\u00e9ctrico ser\u00e1 este mi\u00e9rcoles de 7 a 12 y afectar\u00e1 sectores de Ex Ruta 9, Ruta 9 y Barrio Municipal.<\/p>\n\n\n\n<p>La empresa prestataria del servicio el\u00e9ctrico inform\u00f3 que <strong>este mi\u00e9rcoles 18 se realizar\u00e1 un corte programado de energ\u00eda<\/strong> debido a tareas de <strong>mantenimiento en una l\u00ednea de Media Tensi\u00f3n<\/strong>.<\/p>\n\n\n\n<p>La interrupci\u00f3n del suministro se extender\u00e1 <strong>desde las 7:00 hasta las 12:00 horas<\/strong>, per\u00edodo durante el cual se llevar\u00e1n adelante trabajos t\u00e9cnicos destinados a mejorar la calidad y seguridad del servicio.<\/p>\n\n\n\n<p>Las zonas que se ver\u00e1n afectadas por la suspensi\u00f3n del suministro el\u00e9ctrico son:<\/p>\n\n\n\n<p><strong>Ex Ruta 9, entre los kil\u00f3metros 152 y 154; Ruta 9, entre los kil\u00f3metros 154 y 158; y el Barrio Municipal.<\/strong><\/p>\n\n\n\n<p>Desde la empresa indicaron que <strong>en caso de condiciones clim\u00e1ticas adversas, las tareas ser\u00e1n reprogramadas<\/strong>, inform\u00e1ndose oportunamente una nueva fecha para su ejecuci\u00f3n.<\/p>\n\n\n\n<p>Se recomienda a los vecinos tomar las precauciones necesarias durante el horario previsto del corte.<\/p>\n\n\n\n<p>#CorteDeLuz #CorteProgramado #EnergiaElectrica #Mantenimiento #MediaTension #BarrioMunicipal #Ruta9<\/p>\n","protected":false},"excerpt":{"rendered":"<p>La interrupci\u00f3n del servicio el\u00e9ctrico ser\u00e1 este mi\u00e9rcoles de 7 a 12 y afectar\u00e1 sectores de Ex Ruta 9, Ruta 9 y Barrio Municipal. La empresa prestataria del servicio el\u00e9ctrico inform\u00f3 que este mi\u00e9rcoles 18 se realizar\u00e1 un corte programado de energ\u00eda debido a tareas de mantenimiento en una l\u00ednea de Media Tensi\u00f3n. La interrupci\u00f3n [&hellip;]<\/p>\n","protected":false},"author":4,"featured_media":147203,"comment_status":"closed","ping_status":"closed","sticky":false,"template":"","format":"standard","meta":{"om_disable_all_campaigns":false,"_jetpack_memberships_contains_paid_content":false,"footnotes":""},"categories":[101,2],"tags":[8799,8795,8797,8798,8796,794,8800],"class_list":["post-148129","post","type-post","status-publish","format-standard","has-post-thumbnail","hentry","category-interes-general-locales","category-locales","tag-barrio-municipal","tag-corte-programado-de-energia","tag-ex-ruta-9","tag-interrupcion-del-servicio-electrico","tag-mantenimiento-linea-media-tension","tag-ruta-9","tag-trabajos-electricos-miercoles-18"],"aioseo_notices":[],"gutentor_comment":0,"jetpack_featured_media_url":"https:\/\/eldiariodesanpedro.com.ar\/sitio\/wp-content\/uploads\/2026\/01\/coopser.jpg","jetpack_shortlink":"https:\/\/wp.me\/p6RhLt-Cxb","jetpack_sharing_enabled":true,"_links":{"self":[{"href":"https:\/\/eldiariodesanpedro.com.ar\/sitio\/wp-json\/wp\/v2\/posts\/148129","targetHints":{"allow":["GET"]}}],"collection":[{"href":"https:\/\/eldiariodesanpedro.com.ar\/sitio\/wp-json\/wp\/v2\/posts"}],"about":[{"href":"https:\/\/eldiariodesanpedro.com.ar\/sitio\/wp-json\/wp\/v2\/types\/post"}],"author":[{"embeddable":true,"href":"https:\/\/eldiariodesanpedro.com.ar\/sitio\/wp-json\/wp\/v2\/users\/4"}],"replies":[{"embeddable":true,"href":"https:\/\/eldiariodesanpedro.com.ar\/sitio\/wp-json\/wp\/v2\/comments?post=148129"}],"version-history":[{"count":1,"href":"https:\/\/eldiariodesanpedro.com.ar\/sitio\/wp-json\/wp\/v2\/posts\/148129\/revisions"}],"predecessor-version":[{"id":148130,"href":"https:\/\/eldiariodesanpedro.com.ar\/sitio\/wp-json\/wp\/v2\/posts\/148129\/revisions\/148130"}],"wp:featuredmedia":[{"embeddable":true,"href":"https:\/\/eldiariodesanpedro.com.ar\/sitio\/wp-json\/wp\/v2\/media\/147203"}],"wp:attachment":[{"href":"https:\/\/eldiariodesanpedro.com.ar\/sitio\/wp-json\/wp\/v2\/media?parent=148129"}],"wp:term":[{"taxonomy":"category","embeddable":true,"href":"https:\/\/eldiariodesanpedro.com.ar\/sitio\/wp-json\/wp\/v2\/categories?post=148129"},{"taxonomy":"post_tag","embeddable":true,"href":"https:\/\/eldiariodesanpedro.com.ar\/sitio\/wp-json\/wp\/v2\/tags?post=148129"}],"curies":[{"name":"wp","href":"https:\/\/api.w.org\/{rel}","templated":true}]}}