{"id":148104,"date":"2026-02-14T20:39:51","date_gmt":"2026-02-14T23:39:51","guid":{"rendered":"https:\/\/eldiariodesanpedro.com.ar\/sitio\/?p=148104"},"modified":"2026-02-14T20:39:55","modified_gmt":"2026-02-14T23:39:55","slug":"gandolfo-y-labaronnie-lideran-la-primera-etapa-del-vi-rally-de-san-pedro","status":"publish","type":"post","link":"https:\/\/eldiariodesanpedro.com.ar\/sitio\/gandolfo-y-labaronnie-lideran-la-primera-etapa-del-vi-rally-de-san-pedro\/","title":{"rendered":"Gandolfo y Labaronnie lideran la primera etapa del VI Rally de San Pedro"},"content":{"rendered":"<!-- VideographyWP Plugin Message: Automatic video embedding prevented by plugin options. -->\n\n<p><strong>El binomio integrado por Ramiro Gandolfo y Juan Labaronnie domina la general tras los primeros cuatro tramos del VI Rally de San Pedro, inicio del Campeonato Regional 2026.<\/strong><\/p>\n\n\n\n<p>El d\u00fao conformado por <strong>Ramiro Gandolfo y Juan Labaronnie<\/strong>, a bordo de un <strong>VW Polo de la clase MR<\/strong>, cerr\u00f3 la primera jornada del <strong>VI Rally de San Pedro<\/strong> en lo m\u00e1s alto de la clasificaci\u00f3n general. La competencia marca el comienzo del <strong>Campeonato Regional de Rally 2026<\/strong> y tuvo este s\u00e1bado sus primeros cuatro tramos cronometrados en caminos rurales del partido.<\/p>\n\n\n\n<p>La etapa inaugural se desarroll\u00f3 con dos pasadas por los sectores <strong>Santa Luc\u00eda \u2013 Paraje Colegiales (14,90 km)<\/strong> y <strong>La Buena Moza \u2013 Pro Ciclismo (12,10 km)<\/strong>. Tras completarse la <strong>Prueba Especial 4 (PE4)<\/strong>, Gandolfo y Labaronnie registraron un <strong>tiempo acumulado de 27:42.6<\/strong>, estableciendo una diferencia de <strong>2:52.9<\/strong> respecto a sus escoltas inmediatos.<\/p>\n\n\n\n<p>En la segunda posici\u00f3n de la general se ubicaron <strong>Mat\u00edas Trosset y Tom\u00e1s Magdalena<\/strong>, a bordo de un <strong>VW Gol<\/strong>, quienes adem\u00e1s encabezan la <strong>Clase A<\/strong> tras la primera jornada.<\/p>\n\n\n\n<h3 class=\"wp-block-heading\">L\u00edderes por categor\u00eda tras la Etapa 1<\/h3>\n\n\n\n<p>En el desglose por divisiones, <strong>Sergio y Delfina Centorame<\/strong> lideran la <strong>N4<\/strong>, mientras que <strong>Juan R. Machado y Mariano Pissaco<\/strong> se posicionan al frente de la <strong>RC4<\/strong>. En la categor\u00eda <strong>JR<\/strong>, los punteros son <strong>Jorge Villarino y Sebasti\u00e1n Urriza<\/strong>, y en la <strong>N7<\/strong> comandan <strong>Mariano Camaleonti y Carlos Salvador<\/strong>.<\/p>\n\n\n\n<p>La lista de l\u00edderes se completa con <strong>H\u00e9ctor Acu\u00f1a y Eduardo Burgue\u00f1o<\/strong> en la <strong>N3<\/strong>, <strong>Sebasti\u00e1n Antico y Sebasti\u00e1n Olari<\/strong> en la <strong>RC5<\/strong>, y <strong>Mauricio Cagnoni junto a Jorge Taboada<\/strong> en la <strong>N1<\/strong>.<\/p>\n\n\n\n<p>La competencia continuar\u00e1 este domingo con la disputa de la segunda y \u00faltima etapa. Tras salir del Parque Cerrado, los binomios afrontar\u00e1n los tramos decisivos que definir\u00e1n a los ganadores de la primera fecha del calendario regional.<\/p>\n\n\n\n<p>#RallySanPedro #RallyRegional #Automovilismo #Deportes #CampeonatoRegional #Rally2026 #VWPolorally #MotorsportArgentina<\/p>\n\n\n\n<iframe data-src=\"https:\/\/www.facebook.com\/plugins\/post.php?href=https%3A%2F%2Fwww.facebook.com%2Fpermalink.php%3Fstory_fbid%3Dpfbid02m3vSfm1B8Pf8hG6L44LoXCSzU6Rb3RqSmVvMH5UAWTECZUgaKmSrRCFGGjd4q4tdl%26id%3D61562291519621&#038;show_text=true&#038;width=500\" width=\"500\" height=\"667\" style=\"border:none;overflow:hidden\" scrolling=\"no\" frameborder=\"0\" allowfullscreen=\"true\" allow=\"autoplay; clipboard-write; encrypted-media; picture-in-picture; web-share\" src=\"data:image\/svg+xml;base64,PHN2ZyB3aWR0aD0iMSIgaGVpZ2h0PSIxIiB4bWxucz0iaHR0cDovL3d3dy53My5vcmcvMjAwMC9zdmciPjwvc3ZnPg==\" class=\"lazyload\" data-load-mode=\"1\"><\/iframe>\n","protected":false},"excerpt":{"rendered":"<p>El binomio integrado por Ramiro Gandolfo y Juan Labaronnie domina la general tras los primeros cuatro tramos del VI Rally de San Pedro, inicio del Campeonato Regional 2026. El d\u00fao conformado por Ramiro Gandolfo y Juan Labaronnie, a bordo de un VW Polo de la clase MR, cerr\u00f3 la primera jornada del VI Rally de [&hellip;]<\/p>\n","protected":false},"author":4,"featured_media":148105,"comment_status":"closed","ping_status":"closed","sticky":false,"template":"","format":"standard","meta":{"om_disable_all_campaigns":false,"_jetpack_memberships_contains_paid_content":false,"footnotes":""},"categories":[50,101,2],"tags":[],"class_list":["post-148104","post","type-post","status-publish","format-standard","has-post-thumbnail","hentry","category-destacadas","category-interes-general-locales","category-locales"],"aioseo_notices":[],"gutentor_comment":0,"jetpack_featured_media_url":"https:\/\/eldiariodesanpedro.com.ar\/sitio\/wp-content\/uploads\/2026\/02\/DSC0175.jpg","jetpack_shortlink":"https:\/\/wp.me\/p6RhLt-CwM","jetpack_sharing_enabled":true,"_links":{"self":[{"href":"https:\/\/eldiariodesanpedro.com.ar\/sitio\/wp-json\/wp\/v2\/posts\/148104","targetHints":{"allow":["GET"]}}],"collection":[{"href":"https:\/\/eldiariodesanpedro.com.ar\/sitio\/wp-json\/wp\/v2\/posts"}],"about":[{"href":"https:\/\/eldiariodesanpedro.com.ar\/sitio\/wp-json\/wp\/v2\/types\/post"}],"author":[{"embeddable":true,"href":"https:\/\/eldiariodesanpedro.com.ar\/sitio\/wp-json\/wp\/v2\/users\/4"}],"replies":[{"embeddable":true,"href":"https:\/\/eldiariodesanpedro.com.ar\/sitio\/wp-json\/wp\/v2\/comments?post=148104"}],"version-history":[{"count":1,"href":"https:\/\/eldiariodesanpedro.com.ar\/sitio\/wp-json\/wp\/v2\/posts\/148104\/revisions"}],"predecessor-version":[{"id":148106,"href":"https:\/\/eldiariodesanpedro.com.ar\/sitio\/wp-json\/wp\/v2\/posts\/148104\/revisions\/148106"}],"wp:featuredmedia":[{"embeddable":true,"href":"https:\/\/eldiariodesanpedro.com.ar\/sitio\/wp-json\/wp\/v2\/media\/148105"}],"wp:attachment":[{"href":"https:\/\/eldiariodesanpedro.com.ar\/sitio\/wp-json\/wp\/v2\/media?parent=148104"}],"wp:term":[{"taxonomy":"category","embeddable":true,"href":"https:\/\/eldiariodesanpedro.com.ar\/sitio\/wp-json\/wp\/v2\/categories?post=148104"},{"taxonomy":"post_tag","embeddable":true,"href":"https:\/\/eldiariodesanpedro.com.ar\/sitio\/wp-json\/wp\/v2\/tags?post=148104"}],"curies":[{"name":"wp","href":"https:\/\/api.w.org\/{rel}","templated":true}]}}