{"id":148100,"date":"2026-02-13T14:25:10","date_gmt":"2026-02-13T17:25:10","guid":{"rendered":"https:\/\/eldiariodesanpedro.com.ar\/sitio\/?p=148100"},"modified":"2026-02-13T14:25:15","modified_gmt":"2026-02-13T17:25:15","slug":"choque-entre-moto-y-auto-dejo-a-un-joven-de-23-anos-con-lesiones-leves","status":"publish","type":"post","link":"https:\/\/eldiariodesanpedro.com.ar\/sitio\/choque-entre-moto-y-auto-dejo-a-un-joven-de-23-anos-con-lesiones-leves\/","title":{"rendered":"Choque entre moto y auto dej\u00f3 a un joven de 23 a\u00f1os con lesiones leves"},"content":{"rendered":"<!-- VideographyWP Plugin Message: Automatic video embedding prevented by plugin options. -->\n\n<p><strong>Un motociclista de 23 a\u00f1os fue trasladado al hospital tras colisionar con un autom\u00f3vil en la intersecci\u00f3n de Salta e Irlanda. Interviene la fiscal\u00eda local.<\/strong><\/p>\n\n\n\n<p>Un nuevo <strong>accidente de tr\u00e1nsito<\/strong> se registr\u00f3 en la ciudad durante la jornada de ayer, cuando por motivos que a\u00fan son materia de investigaci\u00f3n <strong>una motocicleta y un autom\u00f3vil colisionaron en la esquina de Salta e Irlanda<\/strong>.<\/p>\n\n\n\n<p>Seg\u00fan se inform\u00f3 oficialmente, el siniestro involucr\u00f3 a una <strong>motocicleta Gilera 110 cc<\/strong>, conducida por un joven de <strong>23 a\u00f1os<\/strong>, y un <strong>autom\u00f3vil Volkswagen Gol<\/strong>, tambi\u00e9n guiado por un masculino de <strong>23 a\u00f1os de edad<\/strong>.<\/p>\n\n\n\n<p>Producto del impacto, <strong>el conductor del rodado menor debi\u00f3 ser asistido por una ambulancia y trasladado al nosocomio local<\/strong>, donde fue examinado por el personal m\u00e9dico. De acuerdo al parte preliminar, <strong>presentaba lesiones de car\u00e1cter leve<\/strong>, sin riesgo de vida.<\/p>\n\n\n\n<p>En el lugar trabaj\u00f3 personal policial tras un llamado al sistema de emergencias, mientras que <strong>la fiscal\u00eda local tom\u00f3 intervenci\u00f3n para determinar las causas del hecho<\/strong> y establecer responsabilidades.<\/p>\n\n\n\n<p>El episodio vuelve a poner en agenda la importancia de la <strong>prevenci\u00f3n y el respeto por las normas de tr\u00e1nsito<\/strong>, especialmente en esquinas de alta circulaci\u00f3n.<\/p>\n\n\n\n<p>#AccidenteDeTr\u00e1nsito #Choque #Motociclista #LesionesLeves #SeguridadVial #Policiales<\/p>\n","protected":false},"excerpt":{"rendered":"<p>Un motociclista de 23 a\u00f1os fue trasladado al hospital tras colisionar con un autom\u00f3vil en la intersecci\u00f3n de Salta e Irlanda. Interviene la fiscal\u00eda local. Un nuevo accidente de tr\u00e1nsito se registr\u00f3 en la ciudad durante la jornada de ayer, cuando por motivos que a\u00fan son materia de investigaci\u00f3n una motocicleta y un autom\u00f3vil colisionaron [&hellip;]<\/p>\n","protected":false},"author":4,"featured_media":148101,"comment_status":"closed","ping_status":"closed","sticky":false,"template":"","format":"standard","meta":{"om_disable_all_campaigns":false,"_jetpack_memberships_contains_paid_content":false,"footnotes":""},"categories":[2,103],"tags":[3612,8768,5418,3951,6239,8782,2761],"class_list":["post-148100","post","type-post","status-publish","format-standard","has-post-thumbnail","hentry","category-locales","category-policiales-locales","tag-accidente-de-transito-2","tag-choque-entre-moto-y-auto","tag-fiscalia-local","tag-lesiones-leves","tag-motociclista-herido","tag-salta-e-irlanda","tag-seguridad-vial"],"aioseo_notices":[],"gutentor_comment":0,"jetpack_featured_media_url":"https:\/\/eldiariodesanpedro.com.ar\/sitio\/wp-content\/uploads\/2026\/02\/medida-1-21.jpg","jetpack_shortlink":"https:\/\/wp.me\/p6RhLt-CwI","jetpack_sharing_enabled":true,"_links":{"self":[{"href":"https:\/\/eldiariodesanpedro.com.ar\/sitio\/wp-json\/wp\/v2\/posts\/148100","targetHints":{"allow":["GET"]}}],"collection":[{"href":"https:\/\/eldiariodesanpedro.com.ar\/sitio\/wp-json\/wp\/v2\/posts"}],"about":[{"href":"https:\/\/eldiariodesanpedro.com.ar\/sitio\/wp-json\/wp\/v2\/types\/post"}],"author":[{"embeddable":true,"href":"https:\/\/eldiariodesanpedro.com.ar\/sitio\/wp-json\/wp\/v2\/users\/4"}],"replies":[{"embeddable":true,"href":"https:\/\/eldiariodesanpedro.com.ar\/sitio\/wp-json\/wp\/v2\/comments?post=148100"}],"version-history":[{"count":1,"href":"https:\/\/eldiariodesanpedro.com.ar\/sitio\/wp-json\/wp\/v2\/posts\/148100\/revisions"}],"predecessor-version":[{"id":148102,"href":"https:\/\/eldiariodesanpedro.com.ar\/sitio\/wp-json\/wp\/v2\/posts\/148100\/revisions\/148102"}],"wp:featuredmedia":[{"embeddable":true,"href":"https:\/\/eldiariodesanpedro.com.ar\/sitio\/wp-json\/wp\/v2\/media\/148101"}],"wp:attachment":[{"href":"https:\/\/eldiariodesanpedro.com.ar\/sitio\/wp-json\/wp\/v2\/media?parent=148100"}],"wp:term":[{"taxonomy":"category","embeddable":true,"href":"https:\/\/eldiariodesanpedro.com.ar\/sitio\/wp-json\/wp\/v2\/categories?post=148100"},{"taxonomy":"post_tag","embeddable":true,"href":"https:\/\/eldiariodesanpedro.com.ar\/sitio\/wp-json\/wp\/v2\/tags?post=148100"}],"curies":[{"name":"wp","href":"https:\/\/api.w.org\/{rel}","templated":true}]}}