{"id":148096,"date":"2026-02-13T11:13:06","date_gmt":"2026-02-13T14:13:06","guid":{"rendered":"https:\/\/eldiariodesanpedro.com.ar\/sitio\/?p=148096"},"modified":"2026-02-13T11:13:10","modified_gmt":"2026-02-13T14:13:10","slug":"aprehenden-a-joven-de-23-anos-con-paradero-activo-por-hurto","status":"publish","type":"post","link":"https:\/\/eldiariodesanpedro.com.ar\/sitio\/aprehenden-a-joven-de-23-anos-con-paradero-activo-por-hurto\/","title":{"rendered":"Aprehenden a joven de 23 a\u00f1os con paradero activo por hurto"},"content":{"rendered":"<!-- VideographyWP Plugin Message: Automatic video embedding prevented by plugin options. -->\n\n<p><strong>Un operativo conjunto entre la Polic\u00eda y la UTOI permiti\u00f3 la detenci\u00f3n de un hombre con pedido de paradero vigente por un hecho de hurto. Interviene la UFI 1 de San Nicol\u00e1s.<\/strong><\/p>\n\n\n\n<p>En el marco de un procedimiento de identificaci\u00f3n realizado en la intersecci\u00f3n de <strong>Alvarado y Manuel Iglesias<\/strong>, personal policial local, en conjunto con efectivos de la <strong>UTOI San Nicol\u00e1s<\/strong>, procedi\u00f3 a la <strong>aprehensi\u00f3n de un joven de 23 a\u00f1os<\/strong> que presentaba un <strong>impedimento legal vigente<\/strong>.<\/p>\n\n\n\n<p>Tras verificar sus datos en el sistema inform\u00e1tico, se constat\u00f3 que el individuo registraba <strong>paradero activo en una causa por hurto<\/strong>, situaci\u00f3n que motiv\u00f3 su inmediata detenci\u00f3n y traslado a la dependencia policial.<\/p>\n\n\n\n<p>El caso qued\u00f3 a disposici\u00f3n de la <strong>UFI N\u00b0 1 de San Nicol\u00e1s<\/strong>, que interviene en la investigaci\u00f3n y determinar\u00e1 los pasos procesales correspondientes en el marco de la causa.<\/p>\n\n\n\n<p>La aprehensi\u00f3n se produjo durante un operativo de rutina, en el que las fuerzas de seguridad contin\u00faan reforzando los controles preventivos en distintos sectores de la ciudad.<\/p>\n\n\n\n<p>#Policiales #Aprehensi\u00f3n #ParaderoActivo #Hurto #UTOI #SanNicol\u00e1s #Seguridad<\/p>\n\n\n<div class=\"wp-block-image\">\n<figure class=\"aligncenter size-full\"><img decoding=\"async\" width=\"329\" height=\"583\" data-attachment-id=\"148098\" data-permalink=\"https:\/\/eldiariodesanpedro.com.ar\/sitio\/aprehenden-a-joven-de-23-anos-con-paradero-activo-por-hurto\/1-388\/\" data-orig-file=\"https:\/\/eldiariodesanpedro.com.ar\/sitio\/wp-content\/uploads\/2026\/02\/1-1.jpg\" data-orig-size=\"329,583\" data-comments-opened=\"0\" data-image-meta=\"{&quot;aperture&quot;:&quot;0&quot;,&quot;credit&quot;:&quot;&quot;,&quot;camera&quot;:&quot;&quot;,&quot;caption&quot;:&quot;&quot;,&quot;created_timestamp&quot;:&quot;0&quot;,&quot;copyright&quot;:&quot;&quot;,&quot;focal_length&quot;:&quot;0&quot;,&quot;iso&quot;:&quot;0&quot;,&quot;shutter_speed&quot;:&quot;0&quot;,&quot;title&quot;:&quot;&quot;,&quot;orientation&quot;:&quot;0&quot;}\" data-image-title=\"1\" data-image-description=\"\" data-image-caption=\"\" data-large-file=\"https:\/\/eldiariodesanpedro.com.ar\/sitio\/wp-content\/uploads\/2026\/02\/1-1.jpg\" data-src=\"https:\/\/eldiariodesanpedro.com.ar\/sitio\/wp-content\/uploads\/2026\/02\/1-1.jpg\" alt=\"\" class=\"wp-image-148098 lazyload\" data-srcset=\"https:\/\/eldiariodesanpedro.com.ar\/sitio\/wp-content\/uploads\/2026\/02\/1-1.jpg 329w, https:\/\/eldiariodesanpedro.com.ar\/sitio\/wp-content\/uploads\/2026\/02\/1-1-169x300.jpg 169w\" data-sizes=\"(max-width: 329px) 100vw, 329px\" src=\"data:image\/svg+xml;base64,PHN2ZyB3aWR0aD0iMSIgaGVpZ2h0PSIxIiB4bWxucz0iaHR0cDovL3d3dy53My5vcmcvMjAwMC9zdmciPjwvc3ZnPg==\" style=\"--smush-placeholder-width: 329px; --smush-placeholder-aspect-ratio: 329\/583;\" \/><\/figure>\n<\/div>","protected":false},"excerpt":{"rendered":"<p>Un operativo conjunto entre la Polic\u00eda y la UTOI permiti\u00f3 la detenci\u00f3n de un hombre con pedido de paradero vigente por un hecho de hurto. Interviene la UFI 1 de San Nicol\u00e1s. En el marco de un procedimiento de identificaci\u00f3n realizado en la intersecci\u00f3n de Alvarado y Manuel Iglesias, personal policial local, en conjunto con [&hellip;]<\/p>\n","protected":false},"author":4,"featured_media":148097,"comment_status":"closed","ping_status":"closed","sticky":false,"template":"","format":"standard","meta":{"om_disable_all_campaigns":false,"_jetpack_memberships_contains_paid_content":false,"footnotes":""},"categories":[2,103],"tags":[8779,8781,5679,8780,4055,8778],"class_list":["post-148096","post","type-post","status-publish","format-standard","has-post-thumbnail","hentry","category-locales","category-policiales-locales","tag-aprehendido-por-paradero-activo","tag-detencion-joven-23-anos","tag-hurto-san-pedro","tag-impedimento-legal-vigente","tag-operativo-policial","tag-ufi-1-san-nicolas"],"aioseo_notices":[],"gutentor_comment":0,"jetpack_featured_media_url":"https:\/\/eldiariodesanpedro.com.ar\/sitio\/wp-content\/uploads\/2026\/02\/medida-1-20.jpg","jetpack_shortlink":"https:\/\/wp.me\/p6RhLt-CwE","jetpack_sharing_enabled":true,"_links":{"self":[{"href":"https:\/\/eldiariodesanpedro.com.ar\/sitio\/wp-json\/wp\/v2\/posts\/148096","targetHints":{"allow":["GET"]}}],"collection":[{"href":"https:\/\/eldiariodesanpedro.com.ar\/sitio\/wp-json\/wp\/v2\/posts"}],"about":[{"href":"https:\/\/eldiariodesanpedro.com.ar\/sitio\/wp-json\/wp\/v2\/types\/post"}],"author":[{"embeddable":true,"href":"https:\/\/eldiariodesanpedro.com.ar\/sitio\/wp-json\/wp\/v2\/users\/4"}],"replies":[{"embeddable":true,"href":"https:\/\/eldiariodesanpedro.com.ar\/sitio\/wp-json\/wp\/v2\/comments?post=148096"}],"version-history":[{"count":1,"href":"https:\/\/eldiariodesanpedro.com.ar\/sitio\/wp-json\/wp\/v2\/posts\/148096\/revisions"}],"predecessor-version":[{"id":148099,"href":"https:\/\/eldiariodesanpedro.com.ar\/sitio\/wp-json\/wp\/v2\/posts\/148096\/revisions\/148099"}],"wp:featuredmedia":[{"embeddable":true,"href":"https:\/\/eldiariodesanpedro.com.ar\/sitio\/wp-json\/wp\/v2\/media\/148097"}],"wp:attachment":[{"href":"https:\/\/eldiariodesanpedro.com.ar\/sitio\/wp-json\/wp\/v2\/media?parent=148096"}],"wp:term":[{"taxonomy":"category","embeddable":true,"href":"https:\/\/eldiariodesanpedro.com.ar\/sitio\/wp-json\/wp\/v2\/categories?post=148096"},{"taxonomy":"post_tag","embeddable":true,"href":"https:\/\/eldiariodesanpedro.com.ar\/sitio\/wp-json\/wp\/v2\/tags?post=148096"}],"curies":[{"name":"wp","href":"https:\/\/api.w.org\/{rel}","templated":true}]}}