{"id":148085,"date":"2026-02-13T10:58:39","date_gmt":"2026-02-13T13:58:39","guid":{"rendered":"https:\/\/eldiariodesanpedro.com.ar\/sitio\/?p=148085"},"modified":"2026-02-13T10:58:43","modified_gmt":"2026-02-13T13:58:43","slug":"primera-juntada-therian-convoco-a-vecinos-en-plaza-belgrano","status":"publish","type":"post","link":"https:\/\/eldiariodesanpedro.com.ar\/sitio\/primera-juntada-therian-convoco-a-vecinos-en-plaza-belgrano\/","title":{"rendered":"Primera juntada Therian convoc\u00f3 a vecinos en plaza Belgrano"},"content":{"rendered":"<!-- VideographyWP Plugin Message: Automatic video embedding prevented by plugin options. -->\n\n<p><strong>La primera reuni\u00f3n Therian en plaza Belgrano reuni\u00f3 a j\u00f3venes y curiosos, marcando el inicio de una tendencia que crece en Argentina.<\/strong><\/p>\n\n\n\n<p>En la noche de ayer se llev\u00f3 a cabo <strong>la primera juntada del movimiento Therian en la plaza Belgrano<\/strong>, un encuentro que despert\u00f3 curiosidad y reuni\u00f3 a una importante cantidad de vecinos en el espacio p\u00fablico.<\/p>\n\n\n\n<p>Si bien <strong>fueron pocos los participantes que asistieron con m\u00e1scaras y caracterizaciones de animales<\/strong>, como propone esta tendencia que se expande en distintos puntos del pa\u00eds, muchas personas se acercaron para observar y conocer de qu\u00e9 se trata esta expresi\u00f3n cultural.<\/p>\n\n\n\n<p>Los <strong>Therian<\/strong> son personas que sienten una <strong>identificaci\u00f3n espiritual, simb\u00f3lica o psicol\u00f3gica con un animal determinado<\/strong>, al que consideran parte de su identidad interior. Esta conexi\u00f3n suele manifestarse a trav\u00e9s del uso de m\u00e1scaras, accesorios, actitudes o encuentros grupales donde comparten experiencias. El movimiento tiene fuerte presencia en redes sociales y viene creciendo especialmente entre adolescentes y j\u00f3venes.<\/p>\n\n\n\n<p>El encuentro se desarroll\u00f3 en un clima tranquilo y sin incidentes. Desde la organizaci\u00f3n adelantaron que <strong>esperan concretar una segunda juntada con mayor participaci\u00f3n activa<\/strong>, buscando que m\u00e1s integrantes asistan caracterizados y se consolide esta movida que comienza a ganar visibilidad.<\/p>\n\n\n\n<p>#Therian #PlazaBelgrano #JuntadaTherian #TendenciasJuveniles #Comunidad #CulturaUrbana #Argentina #MovimientoJuvenil<\/p>\n\n\n\n<div class=\"wp-block-jetpack-slideshow aligncenter\" data-effect=\"slide\" style=\"--aspect-ratio:calc(1024 \/ 576)\"><div class=\"wp-block-jetpack-slideshow_container swiper\"><ul class=\"wp-block-jetpack-slideshow_swiper-wrapper swiper-wrapper\"><li class=\"wp-block-jetpack-slideshow_slide swiper-slide\"><figure><img decoding=\"async\" width=\"1024\" height=\"576\" alt=\"\" class=\"wp-block-jetpack-slideshow_image wp-image-148091 lazyload\" data-id=\"148091\" data-aspect-ratio=\"1024 \/ 576\" data-src=\"https:\/\/eldiariodesanpedro.com.ar\/sitio\/wp-content\/uploads\/2026\/02\/WhatsApp-Image-2026-02-13-at-10.15.37-1-1024x576.jpeg\" data-srcset=\"https:\/\/eldiariodesanpedro.com.ar\/sitio\/wp-content\/uploads\/2026\/02\/WhatsApp-Image-2026-02-13-at-10.15.37-1-1024x576.jpeg 1024w, https:\/\/eldiariodesanpedro.com.ar\/sitio\/wp-content\/uploads\/2026\/02\/WhatsApp-Image-2026-02-13-at-10.15.37-1-300x169.jpeg 300w, https:\/\/eldiariodesanpedro.com.ar\/sitio\/wp-content\/uploads\/2026\/02\/WhatsApp-Image-2026-02-13-at-10.15.37-1-768x432.jpeg 768w, https:\/\/eldiariodesanpedro.com.ar\/sitio\/wp-content\/uploads\/2026\/02\/WhatsApp-Image-2026-02-13-at-10.15.37-1.jpeg 1120w\" data-sizes=\"(max-width: 1024px) 100vw, 1024px\" src=\"data:image\/svg+xml;base64,PHN2ZyB3aWR0aD0iMSIgaGVpZ2h0PSIxIiB4bWxucz0iaHR0cDovL3d3dy53My5vcmcvMjAwMC9zdmciPjwvc3ZnPg==\" style=\"--smush-placeholder-width: 1024px; --smush-placeholder-aspect-ratio: 1024\/576;\" \/><\/figure><\/li><li class=\"wp-block-jetpack-slideshow_slide swiper-slide\"><figure><img decoding=\"async\" width=\"1024\" height=\"576\" alt=\"\" class=\"wp-block-jetpack-slideshow_image wp-image-148092 lazyload\" data-id=\"148092\" data-aspect-ratio=\"1024 \/ 576\" data-src=\"https:\/\/eldiariodesanpedro.com.ar\/sitio\/wp-content\/uploads\/2026\/02\/WhatsApp-Image-2026-02-13-at-10.15.55-1-1024x576.jpeg\" data-srcset=\"https:\/\/eldiariodesanpedro.com.ar\/sitio\/wp-content\/uploads\/2026\/02\/WhatsApp-Image-2026-02-13-at-10.15.55-1-1024x576.jpeg 1024w, https:\/\/eldiariodesanpedro.com.ar\/sitio\/wp-content\/uploads\/2026\/02\/WhatsApp-Image-2026-02-13-at-10.15.55-1-300x169.jpeg 300w, https:\/\/eldiariodesanpedro.com.ar\/sitio\/wp-content\/uploads\/2026\/02\/WhatsApp-Image-2026-02-13-at-10.15.55-1-768x432.jpeg 768w, https:\/\/eldiariodesanpedro.com.ar\/sitio\/wp-content\/uploads\/2026\/02\/WhatsApp-Image-2026-02-13-at-10.15.55-1.jpeg 1120w\" data-sizes=\"(max-width: 1024px) 100vw, 1024px\" src=\"data:image\/svg+xml;base64,PHN2ZyB3aWR0aD0iMSIgaGVpZ2h0PSIxIiB4bWxucz0iaHR0cDovL3d3dy53My5vcmcvMjAwMC9zdmciPjwvc3ZnPg==\" style=\"--smush-placeholder-width: 1024px; --smush-placeholder-aspect-ratio: 1024\/576;\" \/><\/figure><\/li><li class=\"wp-block-jetpack-slideshow_slide swiper-slide\"><figure><img decoding=\"async\" width=\"1024\" height=\"576\" alt=\"\" class=\"wp-block-jetpack-slideshow_image wp-image-148093 lazyload\" data-id=\"148093\" data-aspect-ratio=\"1024 \/ 576\" data-src=\"https:\/\/eldiariodesanpedro.com.ar\/sitio\/wp-content\/uploads\/2026\/02\/WhatsApp-Image-2026-02-13-at-10.15.56-1-1024x576.jpeg\" data-srcset=\"https:\/\/eldiariodesanpedro.com.ar\/sitio\/wp-content\/uploads\/2026\/02\/WhatsApp-Image-2026-02-13-at-10.15.56-1-1024x576.jpeg 1024w, https:\/\/eldiariodesanpedro.com.ar\/sitio\/wp-content\/uploads\/2026\/02\/WhatsApp-Image-2026-02-13-at-10.15.56-1-300x169.jpeg 300w, https:\/\/eldiariodesanpedro.com.ar\/sitio\/wp-content\/uploads\/2026\/02\/WhatsApp-Image-2026-02-13-at-10.15.56-1-768x432.jpeg 768w, https:\/\/eldiariodesanpedro.com.ar\/sitio\/wp-content\/uploads\/2026\/02\/WhatsApp-Image-2026-02-13-at-10.15.56-1.jpeg 1120w\" data-sizes=\"(max-width: 1024px) 100vw, 1024px\" src=\"data:image\/svg+xml;base64,PHN2ZyB3aWR0aD0iMSIgaGVpZ2h0PSIxIiB4bWxucz0iaHR0cDovL3d3dy53My5vcmcvMjAwMC9zdmciPjwvc3ZnPg==\" style=\"--smush-placeholder-width: 1024px; --smush-placeholder-aspect-ratio: 1024\/576;\" \/><\/figure><\/li><li class=\"wp-block-jetpack-slideshow_slide swiper-slide\"><figure><img decoding=\"async\" width=\"1024\" height=\"576\" alt=\"\" class=\"wp-block-jetpack-slideshow_image wp-image-148094 lazyload\" data-id=\"148094\" data-aspect-ratio=\"1024 \/ 576\" data-src=\"https:\/\/eldiariodesanpedro.com.ar\/sitio\/wp-content\/uploads\/2026\/02\/WhatsApp-Image-2026-02-13-at-10.15.561-1-1024x576.jpeg\" data-srcset=\"https:\/\/eldiariodesanpedro.com.ar\/sitio\/wp-content\/uploads\/2026\/02\/WhatsApp-Image-2026-02-13-at-10.15.561-1-1024x576.jpeg 1024w, https:\/\/eldiariodesanpedro.com.ar\/sitio\/wp-content\/uploads\/2026\/02\/WhatsApp-Image-2026-02-13-at-10.15.561-1-300x169.jpeg 300w, https:\/\/eldiariodesanpedro.com.ar\/sitio\/wp-content\/uploads\/2026\/02\/WhatsApp-Image-2026-02-13-at-10.15.561-1-768x432.jpeg 768w, https:\/\/eldiariodesanpedro.com.ar\/sitio\/wp-content\/uploads\/2026\/02\/WhatsApp-Image-2026-02-13-at-10.15.561-1.jpeg 1120w\" data-sizes=\"(max-width: 1024px) 100vw, 1024px\" src=\"data:image\/svg+xml;base64,PHN2ZyB3aWR0aD0iMSIgaGVpZ2h0PSIxIiB4bWxucz0iaHR0cDovL3d3dy53My5vcmcvMjAwMC9zdmciPjwvc3ZnPg==\" style=\"--smush-placeholder-width: 1024px; --smush-placeholder-aspect-ratio: 1024\/576;\" \/><\/figure><\/li><\/ul><a class=\"wp-block-jetpack-slideshow_button-prev swiper-button-prev swiper-button-white\" role=\"button\"><\/a><a class=\"wp-block-jetpack-slideshow_button-next swiper-button-next swiper-button-white\" role=\"button\"><\/a><a aria-label=\"Pause Slideshow\" class=\"wp-block-jetpack-slideshow_button-pause\" role=\"button\"><\/a><div class=\"wp-block-jetpack-slideshow_pagination swiper-pagination swiper-pagination-white\"><\/div><\/div><\/div>\n","protected":false},"excerpt":{"rendered":"<p>La primera reuni\u00f3n Therian en plaza Belgrano reuni\u00f3 a j\u00f3venes y curiosos, marcando el inicio de una tendencia que crece en Argentina. En la noche de ayer se llev\u00f3 a cabo la primera juntada del movimiento Therian en la plaza Belgrano, un encuentro que despert\u00f3 curiosidad y reuni\u00f3 a una importante cantidad de vecinos en [&hellip;]<\/p>\n","protected":false},"author":4,"featured_media":148090,"comment_status":"closed","ping_status":"closed","sticky":false,"template":"","format":"standard","meta":{"om_disable_all_campaigns":false,"_jetpack_memberships_contains_paid_content":false,"footnotes":""},"categories":[50,101,2],"tags":[],"class_list":["post-148085","post","type-post","status-publish","format-standard","has-post-thumbnail","hentry","category-destacadas","category-interes-general-locales","category-locales"],"aioseo_notices":[],"gutentor_comment":0,"jetpack_featured_media_url":"https:\/\/eldiariodesanpedro.com.ar\/sitio\/wp-content\/uploads\/2026\/02\/WhatsApp-Image-2026-02-13-at-10.15.57.jpeg","jetpack_shortlink":"https:\/\/wp.me\/p6RhLt-Cwt","jetpack_sharing_enabled":true,"_links":{"self":[{"href":"https:\/\/eldiariodesanpedro.com.ar\/sitio\/wp-json\/wp\/v2\/posts\/148085","targetHints":{"allow":["GET"]}}],"collection":[{"href":"https:\/\/eldiariodesanpedro.com.ar\/sitio\/wp-json\/wp\/v2\/posts"}],"about":[{"href":"https:\/\/eldiariodesanpedro.com.ar\/sitio\/wp-json\/wp\/v2\/types\/post"}],"author":[{"embeddable":true,"href":"https:\/\/eldiariodesanpedro.com.ar\/sitio\/wp-json\/wp\/v2\/users\/4"}],"replies":[{"embeddable":true,"href":"https:\/\/eldiariodesanpedro.com.ar\/sitio\/wp-json\/wp\/v2\/comments?post=148085"}],"version-history":[{"count":1,"href":"https:\/\/eldiariodesanpedro.com.ar\/sitio\/wp-json\/wp\/v2\/posts\/148085\/revisions"}],"predecessor-version":[{"id":148095,"href":"https:\/\/eldiariodesanpedro.com.ar\/sitio\/wp-json\/wp\/v2\/posts\/148085\/revisions\/148095"}],"wp:featuredmedia":[{"embeddable":true,"href":"https:\/\/eldiariodesanpedro.com.ar\/sitio\/wp-json\/wp\/v2\/media\/148090"}],"wp:attachment":[{"href":"https:\/\/eldiariodesanpedro.com.ar\/sitio\/wp-json\/wp\/v2\/media?parent=148085"}],"wp:term":[{"taxonomy":"category","embeddable":true,"href":"https:\/\/eldiariodesanpedro.com.ar\/sitio\/wp-json\/wp\/v2\/categories?post=148085"},{"taxonomy":"post_tag","embeddable":true,"href":"https:\/\/eldiariodesanpedro.com.ar\/sitio\/wp-json\/wp\/v2\/tags?post=148085"}],"curies":[{"name":"wp","href":"https:\/\/api.w.org\/{rel}","templated":true}]}}