{"id":14807,"date":"2017-02-16T17:39:32","date_gmt":"2017-02-16T20:39:32","guid":{"rendered":"https:\/\/eldiariodesanpedro.com.ar\/sitio\/?p=14807"},"modified":"2017-02-16T17:39:32","modified_gmt":"2017-02-16T20:39:32","slug":"allanamiento-en-la-casa-de-milciades-el-gordo-lencina","status":"publish","type":"post","link":"https:\/\/eldiariodesanpedro.com.ar\/sitio\/allanamiento-en-la-casa-de-milciades-el-gordo-lencina\/","title":{"rendered":"Allanamiento en la casa de Milc\u00edades \u00abEl Gordo\u00bb Lencina"},"content":{"rendered":"<p><!-- VideographyWP Plugin Message: Automatic video embedding prevented by plugin options. --><br \/>\nMilciades es el \u00fanico imputado por el femicidio de Florencia Cresta en 2013 donde su cuerpo fue encontrado estrangulado y con signos de abuso sexual.<\/p>\n<p>En la vivienda ubicada en calle Puyrred\u00f3n y Sargento Selada (barrio Las Malvinas) de donde ten\u00eda prisi\u00f3n domiciliaria, es acusado de portar armas y usurpar casas violentamente y luego venderlas, hoy alrededor de las 6 de la ma\u00f1ana efectivos de la Jefatura Distrital, Polic\u00eda, DDI y Grupo GAD allanaron su casa y solo pudieron encontrar 20 bagullos de marihuana pero fue aprehendido y trasladado a la comisaria.<\/p>\n<p>Ahora el Juez de Garant\u00edas deber\u00e1 determinar si finalmente vuelve a la Unidad Penal que estaba privado de su libertad.<\/p>\n","protected":false},"excerpt":{"rendered":"<p>Milciades es el \u00fanico imputado por el femicidio de Florencia Cresta en 2013 donde su cuerpo fue encontrado estrangulado y con signos de abuso sexual. En la vivienda ubicada en calle Puyrred\u00f3n y Sargento Selada (barrio Las Malvinas) de donde ten\u00eda prisi\u00f3n domiciliaria, es acusado de portar armas y usurpar casas violentamente y luego venderlas, [&hellip;]<\/p>\n","protected":false},"author":4,"featured_media":14808,"comment_status":"open","ping_status":"closed","sticky":false,"template":"","format":"standard","meta":{"om_disable_all_campaigns":false,"_jetpack_memberships_contains_paid_content":false,"footnotes":""},"categories":[50,2,103],"tags":[],"class_list":["post-14807","post","type-post","status-publish","format-standard","has-post-thumbnail","hentry","category-destacadas","category-locales","category-policiales-locales"],"aioseo_notices":[],"gutentor_comment":0,"jetpack_featured_media_url":"https:\/\/eldiariodesanpedro.com.ar\/sitio\/wp-content\/uploads\/2017\/02\/allanamiento-mesiades-e1487356237305.jpg","jetpack_shortlink":"https:\/\/wp.me\/p6RhLt-3QP","jetpack_sharing_enabled":true,"_links":{"self":[{"href":"https:\/\/eldiariodesanpedro.com.ar\/sitio\/wp-json\/wp\/v2\/posts\/14807","targetHints":{"allow":["GET"]}}],"collection":[{"href":"https:\/\/eldiariodesanpedro.com.ar\/sitio\/wp-json\/wp\/v2\/posts"}],"about":[{"href":"https:\/\/eldiariodesanpedro.com.ar\/sitio\/wp-json\/wp\/v2\/types\/post"}],"author":[{"embeddable":true,"href":"https:\/\/eldiariodesanpedro.com.ar\/sitio\/wp-json\/wp\/v2\/users\/4"}],"replies":[{"embeddable":true,"href":"https:\/\/eldiariodesanpedro.com.ar\/sitio\/wp-json\/wp\/v2\/comments?post=14807"}],"version-history":[{"count":1,"href":"https:\/\/eldiariodesanpedro.com.ar\/sitio\/wp-json\/wp\/v2\/posts\/14807\/revisions"}],"predecessor-version":[{"id":14811,"href":"https:\/\/eldiariodesanpedro.com.ar\/sitio\/wp-json\/wp\/v2\/posts\/14807\/revisions\/14811"}],"wp:featuredmedia":[{"embeddable":true,"href":"https:\/\/eldiariodesanpedro.com.ar\/sitio\/wp-json\/wp\/v2\/media\/14808"}],"wp:attachment":[{"href":"https:\/\/eldiariodesanpedro.com.ar\/sitio\/wp-json\/wp\/v2\/media?parent=14807"}],"wp:term":[{"taxonomy":"category","embeddable":true,"href":"https:\/\/eldiariodesanpedro.com.ar\/sitio\/wp-json\/wp\/v2\/categories?post=14807"},{"taxonomy":"post_tag","embeddable":true,"href":"https:\/\/eldiariodesanpedro.com.ar\/sitio\/wp-json\/wp\/v2\/tags?post=14807"}],"curies":[{"name":"wp","href":"https:\/\/api.w.org\/{rel}","templated":true}]}}