{"id":148062,"date":"2026-02-12T16:12:06","date_gmt":"2026-02-12T19:12:06","guid":{"rendered":"https:\/\/eldiariodesanpedro.com.ar\/sitio\/?p=148062"},"modified":"2026-02-12T16:12:10","modified_gmt":"2026-02-12T19:12:10","slug":"ultimo-fin-de-semana-de-espectaculos-de-la-camara-de-turismo-del-ccit","status":"publish","type":"post","link":"https:\/\/eldiariodesanpedro.com.ar\/sitio\/ultimo-fin-de-semana-de-espectaculos-de-la-camara-de-turismo-del-ccit\/","title":{"rendered":"\u00daltimo fin de semana de espect\u00e1culos de la C\u00e1mara de Turismo del CCIT"},"content":{"rendered":"<!-- VideographyWP Plugin Message: Automatic video embedding prevented by plugin options. -->\n\n<p><strong>La C\u00e1mara de Turismo del Centro de Comercio (CCIT)<\/strong> cierra este fin de semana una serie de actividades que marcaron la agenda cultural y tur\u00edstica de la ciudad.<\/p>\n\n\n\n<p>La <strong>C\u00e1mara de Turismo del Centro de Comercio e Industria<\/strong> llevar\u00e1 adelante el <strong>\u00faltimo fin de semana de espect\u00e1culos<\/strong> que durante las \u00faltimas semanas se consolidaron como un atractivo central tanto para vecinos como para visitantes. La iniciativa logr\u00f3 dinamizar el movimiento en el casco urbano, convirtiendo cada jornada en un punto de encuentro con propuestas art\u00edsticas variadas.<\/p>\n\n\n\n<p>El s\u00e1bado, la programaci\u00f3n incluir\u00e1 <strong>clases abiertas de salsa, bachata y comercial<\/strong>, adem\u00e1s de una <strong>muestra de baile en rueda de casino sobre calle Mitre<\/strong>, aportando ritmo y color al centro. La jornada culminar\u00e1 con la presentaci\u00f3n musical de <strong>Pablito y la SPB<\/strong>, sumando un cierre festivo a la noche.<\/p>\n\n\n\n<p>El domingo estar\u00e1 dedicado al folklore, con un espect\u00e1culo que reunir\u00e1 a <strong>Joaqu\u00edn Churruar\u00edn, La Bit\u00e1cora de Flavia y Emilio Manicler<\/strong>, junto a artistas invitados y los ballets <strong>Los de Salta<\/strong> y una delegaci\u00f3n de Baradero. La propuesta fortalecer\u00e1 el perfil cultural del fin de semana largo, con m\u00fasica tradicional y danzas en vivo.<\/p>\n\n\n\n<p>El lunes, el broche final llegar\u00e1 de la mano de la banda tropical sampedrina <strong>La 22<\/strong>, que aportar\u00e1 toda su energ\u00eda para despedir estas jornadas especiales.<\/p>\n\n\n\n<p>Adem\u00e1s, la agenda incluye teatro con la obra <strong>\u201cDivas pero Falladas Recargadas\u201d<\/strong>, que ofrecer\u00e1 funciones el s\u00e1bado en edici\u00f3n especial por San Valent\u00edn y el lunes de Carnaval a las 21:30 en los salones del centro.<\/p>\n\n\n\n<p>De esta manera, el ciclo culmina reafirmando el compromiso del sector comercial con la promoci\u00f3n cultural y el fortalecimiento del turismo local, a trav\u00e9s de una programaci\u00f3n diversa que combin\u00f3 m\u00fasica, danza y teatro en pleno coraz\u00f3n de la ciudad.<\/p>\n\n\n\n<p>#Turismo #Cultura #Espect\u00e1culos #FinDeSemanaLargo #Carnaval #SanValent\u00edn #Folklore #M\u00fasicaEnVivo #Teatro #SanPedro<\/p>\n\n\n\n<div class=\"wp-block-jetpack-slideshow aligncenter\" data-effect=\"slide\" style=\"--aspect-ratio:calc(406 \/ 630)\"><div class=\"wp-block-jetpack-slideshow_container swiper\"><ul class=\"wp-block-jetpack-slideshow_swiper-wrapper swiper-wrapper\"><li class=\"wp-block-jetpack-slideshow_slide swiper-slide\"><figure><img decoding=\"async\" width=\"406\" height=\"630\" alt=\"\" class=\"wp-block-jetpack-slideshow_image wp-image-148067 lazyload\" data-id=\"148067\" data-aspect-ratio=\"406 \/ 630\" data-src=\"https:\/\/eldiariodesanpedro.com.ar\/sitio\/wp-content\/uploads\/2026\/02\/findeccit-1.jpeg\" data-srcset=\"https:\/\/eldiariodesanpedro.com.ar\/sitio\/wp-content\/uploads\/2026\/02\/findeccit-1.jpeg 406w, https:\/\/eldiariodesanpedro.com.ar\/sitio\/wp-content\/uploads\/2026\/02\/findeccit-1-193x300.jpeg 193w\" data-sizes=\"(max-width: 406px) 100vw, 406px\" src=\"data:image\/svg+xml;base64,PHN2ZyB3aWR0aD0iMSIgaGVpZ2h0PSIxIiB4bWxucz0iaHR0cDovL3d3dy53My5vcmcvMjAwMC9zdmciPjwvc3ZnPg==\" style=\"--smush-placeholder-width: 406px; --smush-placeholder-aspect-ratio: 406\/630;\" \/><\/figure><\/li><li class=\"wp-block-jetpack-slideshow_slide swiper-slide\"><figure><img decoding=\"async\" width=\"406\" height=\"630\" alt=\"\" class=\"wp-block-jetpack-slideshow_image wp-image-148066 lazyload\" data-id=\"148066\" data-aspect-ratio=\"406 \/ 630\" data-src=\"https:\/\/eldiariodesanpedro.com.ar\/sitio\/wp-content\/uploads\/2026\/02\/findeccit-2.jpeg\" data-srcset=\"https:\/\/eldiariodesanpedro.com.ar\/sitio\/wp-content\/uploads\/2026\/02\/findeccit-2.jpeg 406w, https:\/\/eldiariodesanpedro.com.ar\/sitio\/wp-content\/uploads\/2026\/02\/findeccit-2-193x300.jpeg 193w\" data-sizes=\"(max-width: 406px) 100vw, 406px\" src=\"data:image\/svg+xml;base64,PHN2ZyB3aWR0aD0iMSIgaGVpZ2h0PSIxIiB4bWxucz0iaHR0cDovL3d3dy53My5vcmcvMjAwMC9zdmciPjwvc3ZnPg==\" style=\"--smush-placeholder-width: 406px; --smush-placeholder-aspect-ratio: 406\/630;\" \/><\/figure><\/li><li class=\"wp-block-jetpack-slideshow_slide swiper-slide\"><figure><img decoding=\"async\" width=\"406\" height=\"630\" alt=\"\" class=\"wp-block-jetpack-slideshow_image wp-image-148068 lazyload\" data-id=\"148068\" data-aspect-ratio=\"406 \/ 630\" data-src=\"https:\/\/eldiariodesanpedro.com.ar\/sitio\/wp-content\/uploads\/2026\/02\/findeccit-3.jpeg\" data-srcset=\"https:\/\/eldiariodesanpedro.com.ar\/sitio\/wp-content\/uploads\/2026\/02\/findeccit-3.jpeg 406w, https:\/\/eldiariodesanpedro.com.ar\/sitio\/wp-content\/uploads\/2026\/02\/findeccit-3-193x300.jpeg 193w\" data-sizes=\"(max-width: 406px) 100vw, 406px\" src=\"data:image\/svg+xml;base64,PHN2ZyB3aWR0aD0iMSIgaGVpZ2h0PSIxIiB4bWxucz0iaHR0cDovL3d3dy53My5vcmcvMjAwMC9zdmciPjwvc3ZnPg==\" style=\"--smush-placeholder-width: 406px; --smush-placeholder-aspect-ratio: 406\/630;\" \/><\/figure><\/li><li class=\"wp-block-jetpack-slideshow_slide swiper-slide\"><figure><img decoding=\"async\" width=\"365\" height=\"630\" alt=\"\" class=\"wp-block-jetpack-slideshow_image wp-image-148064 lazyload\" data-id=\"148064\" data-aspect-ratio=\"365 \/ 630\" data-src=\"https:\/\/eldiariodesanpedro.com.ar\/sitio\/wp-content\/uploads\/2026\/02\/findeccit-4.jpeg\" data-srcset=\"https:\/\/eldiariodesanpedro.com.ar\/sitio\/wp-content\/uploads\/2026\/02\/findeccit-4.jpeg 365w, https:\/\/eldiariodesanpedro.com.ar\/sitio\/wp-content\/uploads\/2026\/02\/findeccit-4-174x300.jpeg 174w\" data-sizes=\"(max-width: 365px) 100vw, 365px\" src=\"data:image\/svg+xml;base64,PHN2ZyB3aWR0aD0iMSIgaGVpZ2h0PSIxIiB4bWxucz0iaHR0cDovL3d3dy53My5vcmcvMjAwMC9zdmciPjwvc3ZnPg==\" style=\"--smush-placeholder-width: 365px; --smush-placeholder-aspect-ratio: 365\/630;\" \/><\/figure><\/li><li class=\"wp-block-jetpack-slideshow_slide swiper-slide\"><figure><img decoding=\"async\" width=\"406\" height=\"630\" alt=\"\" class=\"wp-block-jetpack-slideshow_image wp-image-148065 lazyload\" data-id=\"148065\" data-aspect-ratio=\"406 \/ 630\" data-src=\"https:\/\/eldiariodesanpedro.com.ar\/sitio\/wp-content\/uploads\/2026\/02\/findeccit-5.jpeg\" data-srcset=\"https:\/\/eldiariodesanpedro.com.ar\/sitio\/wp-content\/uploads\/2026\/02\/findeccit-5.jpeg 406w, https:\/\/eldiariodesanpedro.com.ar\/sitio\/wp-content\/uploads\/2026\/02\/findeccit-5-193x300.jpeg 193w\" data-sizes=\"(max-width: 406px) 100vw, 406px\" src=\"data:image\/svg+xml;base64,PHN2ZyB3aWR0aD0iMSIgaGVpZ2h0PSIxIiB4bWxucz0iaHR0cDovL3d3dy53My5vcmcvMjAwMC9zdmciPjwvc3ZnPg==\" style=\"--smush-placeholder-width: 406px; --smush-placeholder-aspect-ratio: 406\/630;\" \/><\/figure><\/li><\/ul><a class=\"wp-block-jetpack-slideshow_button-prev swiper-button-prev swiper-button-white\" role=\"button\"><\/a><a class=\"wp-block-jetpack-slideshow_button-next swiper-button-next swiper-button-white\" role=\"button\"><\/a><a aria-label=\"Pause Slideshow\" class=\"wp-block-jetpack-slideshow_button-pause\" role=\"button\"><\/a><div class=\"wp-block-jetpack-slideshow_pagination swiper-pagination swiper-pagination-white\"><\/div><\/div><\/div>\n","protected":false},"excerpt":{"rendered":"<p>La C\u00e1mara de Turismo del Centro de Comercio (CCIT) cierra este fin de semana una serie de actividades que marcaron la agenda cultural y tur\u00edstica de la ciudad. La C\u00e1mara de Turismo del Centro de Comercio e Industria llevar\u00e1 adelante el \u00faltimo fin de semana de espect\u00e1culos que durante las \u00faltimas semanas se consolidaron como [&hellip;]<\/p>\n","protected":false},"author":4,"featured_media":148063,"comment_status":"closed","ping_status":"closed","sticky":false,"template":"","format":"standard","meta":{"om_disable_all_campaigns":false,"_jetpack_memberships_contains_paid_content":false,"footnotes":""},"categories":[2],"tags":[],"class_list":["post-148062","post","type-post","status-publish","format-standard","has-post-thumbnail","hentry","category-locales"],"aioseo_notices":[],"gutentor_comment":0,"jetpack_featured_media_url":"https:\/\/eldiariodesanpedro.com.ar\/sitio\/wp-content\/uploads\/2026\/02\/medida-3.jpg","jetpack_shortlink":"https:\/\/wp.me\/p6RhLt-Cw6","jetpack_sharing_enabled":true,"_links":{"self":[{"href":"https:\/\/eldiariodesanpedro.com.ar\/sitio\/wp-json\/wp\/v2\/posts\/148062","targetHints":{"allow":["GET"]}}],"collection":[{"href":"https:\/\/eldiariodesanpedro.com.ar\/sitio\/wp-json\/wp\/v2\/posts"}],"about":[{"href":"https:\/\/eldiariodesanpedro.com.ar\/sitio\/wp-json\/wp\/v2\/types\/post"}],"author":[{"embeddable":true,"href":"https:\/\/eldiariodesanpedro.com.ar\/sitio\/wp-json\/wp\/v2\/users\/4"}],"replies":[{"embeddable":true,"href":"https:\/\/eldiariodesanpedro.com.ar\/sitio\/wp-json\/wp\/v2\/comments?post=148062"}],"version-history":[{"count":1,"href":"https:\/\/eldiariodesanpedro.com.ar\/sitio\/wp-json\/wp\/v2\/posts\/148062\/revisions"}],"predecessor-version":[{"id":148069,"href":"https:\/\/eldiariodesanpedro.com.ar\/sitio\/wp-json\/wp\/v2\/posts\/148062\/revisions\/148069"}],"wp:featuredmedia":[{"embeddable":true,"href":"https:\/\/eldiariodesanpedro.com.ar\/sitio\/wp-json\/wp\/v2\/media\/148063"}],"wp:attachment":[{"href":"https:\/\/eldiariodesanpedro.com.ar\/sitio\/wp-json\/wp\/v2\/media?parent=148062"}],"wp:term":[{"taxonomy":"category","embeddable":true,"href":"https:\/\/eldiariodesanpedro.com.ar\/sitio\/wp-json\/wp\/v2\/categories?post=148062"},{"taxonomy":"post_tag","embeddable":true,"href":"https:\/\/eldiariodesanpedro.com.ar\/sitio\/wp-json\/wp\/v2\/tags?post=148062"}],"curies":[{"name":"wp","href":"https:\/\/api.w.org\/{rel}","templated":true}]}}