{"id":148049,"date":"2026-02-12T10:42:45","date_gmt":"2026-02-12T13:42:45","guid":{"rendered":"https:\/\/eldiariodesanpedro.com.ar\/sitio\/?p=148049"},"modified":"2026-02-12T10:52:18","modified_gmt":"2026-02-12T13:52:18","slug":"una-joven-de-19-anos-sufrio-lesiones-leves-tras-un-accidente-entre-moto-y-auto","status":"publish","type":"post","link":"https:\/\/eldiariodesanpedro.com.ar\/sitio\/una-joven-de-19-anos-sufrio-lesiones-leves-tras-un-accidente-entre-moto-y-auto\/","title":{"rendered":"Una joven de 19 a\u00f1os sufri\u00f3 lesiones leves tras un accidente entre moto y auto"},"content":{"rendered":"<!-- VideographyWP Plugin Message: Automatic video embedding prevented by plugin options. -->\n\n<p><strong>Una motociclista de 19 a\u00f1os result\u00f3 con lesiones leves<\/strong> luego de protagonizar un accidente de tr\u00e1nsito en la intersecci\u00f3n de D\u00e1vila y Ansaloni. Fue trasladada al hospital y recibi\u00f3 el alta horas despu\u00e9s.<\/p>\n\n\n\n<p>Un <strong>accidente de tr\u00e1nsito<\/strong> se registr\u00f3 en la tarde de ayer en la esquina de <strong>D\u00e1vila y Ansaloni<\/strong>, donde colisionaron una <strong>motocicleta Honda Wave negra<\/strong> y un <strong>autom\u00f3vil Renault Symbol bord\u00f3<\/strong>.<\/p>\n\n\n\n<p>Seg\u00fan la informaci\u00f3n recabada, la moto era conducida por una <strong>joven de 19 a\u00f1os<\/strong>, mientras que el autom\u00f3vil estaba al mando de un <strong>hombre de 45 a\u00f1os<\/strong>, quien <strong>result\u00f3 ileso<\/strong> tras el impacto.<\/p>\n\n\n\n<p>En el lugar trabaj\u00f3 una ambulancia del <strong>SAME 107<\/strong>, que traslad\u00f3 a la motociclista al nosocomio local para su atenci\u00f3n. Los profesionales de salud constataron que presentaba <strong>lesiones de car\u00e1cter leve<\/strong>, por lo que <strong>recibi\u00f3 el alta m\u00e9dica a las pocas horas<\/strong>.<\/p>\n\n\n\n<p>La causa qued\u00f3 en manos de la <strong>Fiscal\u00eda N\u00b011 en turno<\/strong>, que interviene para determinar las circunstancias del hecho.<\/p>\n\n\n\n<p>#AccidenteDeTransito #Policiales #SAME107 #SeguridadVial #HondaWave #RenaultSymbol #Fiscalia11 #NoticiasLocales<\/p>\n","protected":false},"excerpt":{"rendered":"<p>Una motociclista de 19 a\u00f1os result\u00f3 con lesiones leves luego de protagonizar un accidente de tr\u00e1nsito en la intersecci\u00f3n de D\u00e1vila y Ansaloni. Fue trasladada al hospital y recibi\u00f3 el alta horas despu\u00e9s. Un accidente de tr\u00e1nsito se registr\u00f3 en la tarde de ayer en la esquina de D\u00e1vila y Ansaloni, donde colisionaron una motocicleta [&hellip;]<\/p>\n","protected":false},"author":4,"featured_media":148052,"comment_status":"closed","ping_status":"closed","sticky":false,"template":"","format":"standard","meta":{"om_disable_all_campaigns":false,"_jetpack_memberships_contains_paid_content":false,"footnotes":""},"categories":[2,103],"tags":[3612,8768,8767,5329,8642,3951,5206,2761],"class_list":["post-148049","post","type-post","status-publish","format-standard","has-post-thumbnail","hentry","category-locales","category-policiales-locales","tag-accidente-de-transito-2","tag-choque-entre-moto-y-auto","tag-davila-y-ansaloni","tag-fiscalia-11","tag-joven-herida","tag-lesiones-leves","tag-same-107","tag-seguridad-vial"],"aioseo_notices":[],"gutentor_comment":0,"jetpack_featured_media_url":"https:\/\/eldiariodesanpedro.com.ar\/sitio\/wp-content\/uploads\/2026\/02\/medida-1-18.jpg","jetpack_shortlink":"https:\/\/wp.me\/p6RhLt-CvT","jetpack_sharing_enabled":true,"_links":{"self":[{"href":"https:\/\/eldiariodesanpedro.com.ar\/sitio\/wp-json\/wp\/v2\/posts\/148049","targetHints":{"allow":["GET"]}}],"collection":[{"href":"https:\/\/eldiariodesanpedro.com.ar\/sitio\/wp-json\/wp\/v2\/posts"}],"about":[{"href":"https:\/\/eldiariodesanpedro.com.ar\/sitio\/wp-json\/wp\/v2\/types\/post"}],"author":[{"embeddable":true,"href":"https:\/\/eldiariodesanpedro.com.ar\/sitio\/wp-json\/wp\/v2\/users\/4"}],"replies":[{"embeddable":true,"href":"https:\/\/eldiariodesanpedro.com.ar\/sitio\/wp-json\/wp\/v2\/comments?post=148049"}],"version-history":[{"count":1,"href":"https:\/\/eldiariodesanpedro.com.ar\/sitio\/wp-json\/wp\/v2\/posts\/148049\/revisions"}],"predecessor-version":[{"id":148051,"href":"https:\/\/eldiariodesanpedro.com.ar\/sitio\/wp-json\/wp\/v2\/posts\/148049\/revisions\/148051"}],"wp:featuredmedia":[{"embeddable":true,"href":"https:\/\/eldiariodesanpedro.com.ar\/sitio\/wp-json\/wp\/v2\/media\/148052"}],"wp:attachment":[{"href":"https:\/\/eldiariodesanpedro.com.ar\/sitio\/wp-json\/wp\/v2\/media?parent=148049"}],"wp:term":[{"taxonomy":"category","embeddable":true,"href":"https:\/\/eldiariodesanpedro.com.ar\/sitio\/wp-json\/wp\/v2\/categories?post=148049"},{"taxonomy":"post_tag","embeddable":true,"href":"https:\/\/eldiariodesanpedro.com.ar\/sitio\/wp-json\/wp\/v2\/tags?post=148049"}],"curies":[{"name":"wp","href":"https:\/\/api.w.org\/{rel}","templated":true}]}}