{"id":148046,"date":"2026-02-12T10:13:06","date_gmt":"2026-02-12T13:13:06","guid":{"rendered":"https:\/\/eldiariodesanpedro.com.ar\/sitio\/?p=148046"},"modified":"2026-02-12T10:13:10","modified_gmt":"2026-02-12T13:13:10","slug":"intentaron-asaltar-a-una-joven-con-un-arma-blanca-y-fueron-detenidos","status":"publish","type":"post","link":"https:\/\/eldiariodesanpedro.com.ar\/sitio\/intentaron-asaltar-a-una-joven-con-un-arma-blanca-y-fueron-detenidos\/","title":{"rendered":"Intentaron asaltar a una joven con un arma blanca y fueron detenidos"},"content":{"rendered":"<!-- VideographyWP Plugin Message: Automatic video embedding prevented by plugin options. -->\n\n<p><strong>Dos hombres de 26 y 28 a\u00f1os fueron aprehendidos tras intentar cometer un robo con arma blanca contra una mujer de 26 a\u00f1os en la zona de Mansa LYFE.<\/strong><\/p>\n\n\n\n<p>En la tarde del martes, <strong>personal policial intervino de manera inmediata en la bajada de Mansa LYFE<\/strong>, donde se produjo un intento de robo que tuvo como v\u00edctima a una joven de 26 a\u00f1os.<\/p>\n\n\n\n<p>De acuerdo a la informaci\u00f3n oficial, <strong>dos sujetos de 26 y 28 a\u00f1os, ambos oriundos de Baradero, intentaron cometer un il\u00edcito intimidando a la v\u00edctima con un arma blanca<\/strong>. La r\u00e1pida respuesta de los efectivos permiti\u00f3 frustrar el hecho y proceder a la aprehensi\u00f3n de los involucrados en el lugar.<\/p>\n\n\n\n<p>Los acusados fueron trasladados a la dependencia policial, donde <strong>quedaron alojados en el sector de calabozos imputados por el delito de tentativa de robo agravado por el uso de arma<\/strong>. La causa qued\u00f3 en manos de la <strong>Fiscal\u00eda N\u00b0 11<\/strong>, que interviene en turno.<\/p>\n\n\n\n<p>La investigaci\u00f3n contin\u00faa para determinar las circunstancias completas del episodio.<\/p>\n\n\n\n<p>#Policiales #IntentoDeRobo #RoboAgravado #Inseguridad #Detenidos #Justicia #Fiscalia11<\/p>\n","protected":false},"excerpt":{"rendered":"<p>Dos hombres de 26 y 28 a\u00f1os fueron aprehendidos tras intentar cometer un robo con arma blanca contra una mujer de 26 a\u00f1os en la zona de Mansa LYFE. En la tarde del martes, personal policial intervino de manera inmediata en la bajada de Mansa LYFE, donde se produjo un intento de robo que tuvo [&hellip;]<\/p>\n","protected":false},"author":4,"featured_media":148047,"comment_status":"closed","ping_status":"closed","sticky":false,"template":"","format":"standard","meta":{"om_disable_all_campaigns":false,"_jetpack_memberships_contains_paid_content":false,"footnotes":""},"categories":[2,103],"tags":[8766,5329,3821,8765,3694,8764,922],"class_list":["post-148046","post","type-post","status-publish","format-standard","has-post-thumbnail","hentry","category-locales","category-policiales-locales","tag-detenidos-en-mansa-lyfe","tag-fiscalia-11","tag-inseguridad","tag-intento-de-asalto","tag-intervencion-policial","tag-robo-agravado-con-arma-blanca","tag-tentativa-de-robo"],"aioseo_notices":[],"gutentor_comment":0,"jetpack_featured_media_url":"https:\/\/eldiariodesanpedro.com.ar\/sitio\/wp-content\/uploads\/2026\/02\/medida-1-17.jpg","jetpack_shortlink":"https:\/\/wp.me\/p6RhLt-CvQ","jetpack_sharing_enabled":true,"_links":{"self":[{"href":"https:\/\/eldiariodesanpedro.com.ar\/sitio\/wp-json\/wp\/v2\/posts\/148046","targetHints":{"allow":["GET"]}}],"collection":[{"href":"https:\/\/eldiariodesanpedro.com.ar\/sitio\/wp-json\/wp\/v2\/posts"}],"about":[{"href":"https:\/\/eldiariodesanpedro.com.ar\/sitio\/wp-json\/wp\/v2\/types\/post"}],"author":[{"embeddable":true,"href":"https:\/\/eldiariodesanpedro.com.ar\/sitio\/wp-json\/wp\/v2\/users\/4"}],"replies":[{"embeddable":true,"href":"https:\/\/eldiariodesanpedro.com.ar\/sitio\/wp-json\/wp\/v2\/comments?post=148046"}],"version-history":[{"count":1,"href":"https:\/\/eldiariodesanpedro.com.ar\/sitio\/wp-json\/wp\/v2\/posts\/148046\/revisions"}],"predecessor-version":[{"id":148048,"href":"https:\/\/eldiariodesanpedro.com.ar\/sitio\/wp-json\/wp\/v2\/posts\/148046\/revisions\/148048"}],"wp:featuredmedia":[{"embeddable":true,"href":"https:\/\/eldiariodesanpedro.com.ar\/sitio\/wp-json\/wp\/v2\/media\/148047"}],"wp:attachment":[{"href":"https:\/\/eldiariodesanpedro.com.ar\/sitio\/wp-json\/wp\/v2\/media?parent=148046"}],"wp:term":[{"taxonomy":"category","embeddable":true,"href":"https:\/\/eldiariodesanpedro.com.ar\/sitio\/wp-json\/wp\/v2\/categories?post=148046"},{"taxonomy":"post_tag","embeddable":true,"href":"https:\/\/eldiariodesanpedro.com.ar\/sitio\/wp-json\/wp\/v2\/tags?post=148046"}],"curies":[{"name":"wp","href":"https:\/\/api.w.org\/{rel}","templated":true}]}}