{"id":148044,"date":"2026-02-12T09:46:10","date_gmt":"2026-02-12T12:46:10","guid":{"rendered":"https:\/\/eldiariodesanpedro.com.ar\/sitio\/?p=148044"},"modified":"2026-02-12T09:46:14","modified_gmt":"2026-02-12T12:46:14","slug":"hallaron-en-buen-estado-a-una-menor-de-15-anos-que-era-buscada-desde-caba","status":"publish","type":"post","link":"https:\/\/eldiariodesanpedro.com.ar\/sitio\/hallaron-en-buen-estado-a-una-menor-de-15-anos-que-era-buscada-desde-caba\/","title":{"rendered":"Hallaron en buen estado a una menor de 15 a\u00f1os que era buscada desde CABA"},"content":{"rendered":"<!-- VideographyWP Plugin Message: Automatic video embedding prevented by plugin options. -->\n\n<p><strong>La adolescente fue encontrada en un hotel alojamiento y ya fue restituida a su familia. Interviene la Fiscal\u00eda Nacional en lo Criminal y Correccional N\u00b0 15.<\/strong><\/p>\n\n\n\n<p>En horas de la ma\u00f1ana del d\u00eda de ayer, <strong>personal de esta Seccional colabor\u00f3 con efectivos policiales en la b\u00fasqueda de una menor de 15 a\u00f1os<\/strong> que se hab\u00eda ausentado de su domicilio en la Ciudad Aut\u00f3noma de Buenos Aires.<\/p>\n\n\n\n<p>Tras una serie de averiguaciones y tareas coordinadas, <strong>la adolescente fue localizada en un hotel alojamiento ubicado en calle Liniers, entre 25 de Mayo y Mitre<\/strong>, dentro del radio urbano local. Seg\u00fan informaron fuentes oficiales, <strong>la joven se encontraba en buen estado de salud al momento de ser hallada<\/strong>.<\/p>\n\n\n\n<p>Luego de las actuaciones correspondientes, la menor fue <strong>trasladada nuevamente a su ciudad de origen para ser restituida a sus progenitores<\/strong>, conforme a los protocolos vigentes en este tipo de situaciones.<\/p>\n\n\n\n<p>En el caso interviene la <strong>Fiscal\u00eda Nacional en lo Criminal y Correccional N\u00b0 15 de CABA<\/strong>, que continuar\u00e1 con las diligencias judiciales para esclarecer las circunstancias en las que se produjo la ausencia.<\/p>\n\n\n\n<p>#MenorHallada #B\u00fasquedaDeParadero #Policiales #Intervenci\u00f3nJudicial #Fiscal\u00eda #CABA #Seguridad<\/p>\n","protected":false},"excerpt":{"rendered":"<p>La adolescente fue encontrada en un hotel alojamiento y ya fue restituida a su familia. Interviene la Fiscal\u00eda Nacional en lo Criminal y Correccional N\u00b0 15. En horas de la ma\u00f1ana del d\u00eda de ayer, personal de esta Seccional colabor\u00f3 con efectivos policiales en la b\u00fasqueda de una menor de 15 a\u00f1os que se hab\u00eda [&hellip;]<\/p>\n","protected":false},"author":4,"featured_media":77860,"comment_status":"closed","ping_status":"closed","sticky":false,"template":"","format":"standard","meta":{"om_disable_all_campaigns":false,"_jetpack_memberships_contains_paid_content":false,"footnotes":""},"categories":[50,2,103],"tags":[8763,8761,8762,8760,8759,8757,8758],"class_list":["post-148044","post","type-post","status-publish","format-standard","has-post-thumbnail","hentry","category-destacadas","category-locales","category-policiales-locales","tag-actuacion-policial","tag-busqueda-en-caba","tag-fiscalia-nacional-en-lo-criminal-y-correccional-n-15","tag-hallazgo-en-buen-estado","tag-hotel-alojamiento","tag-menor-de-15-anos","tag-restitucion-familiar"],"aioseo_notices":[],"gutentor_comment":0,"jetpack_featured_media_url":"https:\/\/eldiariodesanpedro.com.ar\/sitio\/wp-content\/uploads\/2020\/07\/000085506.jpg","jetpack_shortlink":"https:\/\/wp.me\/p6RhLt-CvO","jetpack_sharing_enabled":true,"_links":{"self":[{"href":"https:\/\/eldiariodesanpedro.com.ar\/sitio\/wp-json\/wp\/v2\/posts\/148044","targetHints":{"allow":["GET"]}}],"collection":[{"href":"https:\/\/eldiariodesanpedro.com.ar\/sitio\/wp-json\/wp\/v2\/posts"}],"about":[{"href":"https:\/\/eldiariodesanpedro.com.ar\/sitio\/wp-json\/wp\/v2\/types\/post"}],"author":[{"embeddable":true,"href":"https:\/\/eldiariodesanpedro.com.ar\/sitio\/wp-json\/wp\/v2\/users\/4"}],"replies":[{"embeddable":true,"href":"https:\/\/eldiariodesanpedro.com.ar\/sitio\/wp-json\/wp\/v2\/comments?post=148044"}],"version-history":[{"count":1,"href":"https:\/\/eldiariodesanpedro.com.ar\/sitio\/wp-json\/wp\/v2\/posts\/148044\/revisions"}],"predecessor-version":[{"id":148045,"href":"https:\/\/eldiariodesanpedro.com.ar\/sitio\/wp-json\/wp\/v2\/posts\/148044\/revisions\/148045"}],"wp:featuredmedia":[{"embeddable":true,"href":"https:\/\/eldiariodesanpedro.com.ar\/sitio\/wp-json\/wp\/v2\/media\/77860"}],"wp:attachment":[{"href":"https:\/\/eldiariodesanpedro.com.ar\/sitio\/wp-json\/wp\/v2\/media?parent=148044"}],"wp:term":[{"taxonomy":"category","embeddable":true,"href":"https:\/\/eldiariodesanpedro.com.ar\/sitio\/wp-json\/wp\/v2\/categories?post=148044"},{"taxonomy":"post_tag","embeddable":true,"href":"https:\/\/eldiariodesanpedro.com.ar\/sitio\/wp-json\/wp\/v2\/tags?post=148044"}],"curies":[{"name":"wp","href":"https:\/\/api.w.org\/{rel}","templated":true}]}}