{"id":148041,"date":"2026-02-12T09:31:01","date_gmt":"2026-02-12T12:31:01","guid":{"rendered":"https:\/\/eldiariodesanpedro.com.ar\/sitio\/?p=148041"},"modified":"2026-02-12T10:51:39","modified_gmt":"2026-02-12T13:51:39","slug":"fallecio-hugo-ernesto-morresi-a-los-73-anos","status":"publish","type":"post","link":"https:\/\/eldiariodesanpedro.com.ar\/sitio\/fallecio-hugo-ernesto-morresi-a-los-73-anos\/","title":{"rendered":"Falleci\u00f3 Hugo Ernesto Morresi a los 72 a\u00f1os"},"content":{"rendered":"<!-- VideographyWP Plugin Message: Automatic video embedding prevented by plugin options. -->\n\n<p><em>Hugo Ernesto Morresi falleci\u00f3 a los 73 a\u00f1os. Sus restos son velados en la sala N\u00b02 y el servicio se extender\u00e1 hasta las 15:00 del jueves 12 de febrero.<\/em><\/p>\n\n\n\n<p>La comunidad despide con pesar a <strong>Hugo Ernesto Morresi, quien falleci\u00f3 a los 73 a\u00f1os<\/strong>.<\/p>\n\n\n\n<p>Sus restos son velados en la <strong>Sala N\u00b02<\/strong>, ubicada en 3 de Febrero 1475, y el servicio se extender\u00e1 <strong>hasta las 15:00 horas del jueves 12 de febrero de 2026<\/strong>, seg\u00fan informaron desde la empresa prestataria.<\/p>\n\n\n\n<p>El servicio f\u00fanebre est\u00e1 a cargo de <strong>Coopser Servicios Sociales<\/strong>, que acompa\u00f1a a familiares y allegados en este dif\u00edcil momento.<\/p>\n\n\n\n<p>Familiares, amigos y conocidos elevan una oraci\u00f3n por su eterno descanso y acompa\u00f1an a sus seres queridos ante esta irreparable p\u00e9rdida.<\/p>\n\n\n\n<p>#Necrol\u00f3gica #Fallecimiento #HugoErnestoMorresi #SanPedro #Coopser #Duelo #Comunidad<\/p>\n","protected":false},"excerpt":{"rendered":"<p>Hugo Ernesto Morresi falleci\u00f3 a los 73 a\u00f1os. Sus restos son velados en la sala N\u00b02 y el servicio se extender\u00e1 hasta las 15:00 del jueves 12 de febrero. La comunidad despide con pesar a Hugo Ernesto Morresi, quien falleci\u00f3 a los 73 a\u00f1os. Sus restos son velados en la Sala N\u00b02, ubicada en 3 [&hellip;]<\/p>\n","protected":false},"author":4,"featured_media":113757,"comment_status":"closed","ping_status":"closed","sticky":false,"template":"","format":"standard","meta":{"om_disable_all_campaigns":false,"_jetpack_memberships_contains_paid_content":false,"footnotes":""},"categories":[8424],"tags":[],"class_list":["post-148041","post","type-post","status-publish","format-standard","has-post-thumbnail","hentry","category-necrologicas"],"aioseo_notices":[],"gutentor_comment":0,"jetpack_featured_media_url":"https:\/\/eldiariodesanpedro.com.ar\/sitio\/wp-content\/uploads\/2023\/01\/necrologicas.jpg","jetpack_shortlink":"https:\/\/wp.me\/p6RhLt-CvL","jetpack_sharing_enabled":true,"_links":{"self":[{"href":"https:\/\/eldiariodesanpedro.com.ar\/sitio\/wp-json\/wp\/v2\/posts\/148041","targetHints":{"allow":["GET"]}}],"collection":[{"href":"https:\/\/eldiariodesanpedro.com.ar\/sitio\/wp-json\/wp\/v2\/posts"}],"about":[{"href":"https:\/\/eldiariodesanpedro.com.ar\/sitio\/wp-json\/wp\/v2\/types\/post"}],"author":[{"embeddable":true,"href":"https:\/\/eldiariodesanpedro.com.ar\/sitio\/wp-json\/wp\/v2\/users\/4"}],"replies":[{"embeddable":true,"href":"https:\/\/eldiariodesanpedro.com.ar\/sitio\/wp-json\/wp\/v2\/comments?post=148041"}],"version-history":[{"count":2,"href":"https:\/\/eldiariodesanpedro.com.ar\/sitio\/wp-json\/wp\/v2\/posts\/148041\/revisions"}],"predecessor-version":[{"id":148043,"href":"https:\/\/eldiariodesanpedro.com.ar\/sitio\/wp-json\/wp\/v2\/posts\/148041\/revisions\/148043"}],"wp:featuredmedia":[{"embeddable":true,"href":"https:\/\/eldiariodesanpedro.com.ar\/sitio\/wp-json\/wp\/v2\/media\/113757"}],"wp:attachment":[{"href":"https:\/\/eldiariodesanpedro.com.ar\/sitio\/wp-json\/wp\/v2\/media?parent=148041"}],"wp:term":[{"taxonomy":"category","embeddable":true,"href":"https:\/\/eldiariodesanpedro.com.ar\/sitio\/wp-json\/wp\/v2\/categories?post=148041"},{"taxonomy":"post_tag","embeddable":true,"href":"https:\/\/eldiariodesanpedro.com.ar\/sitio\/wp-json\/wp\/v2\/tags?post=148041"}],"curies":[{"name":"wp","href":"https:\/\/api.w.org\/{rel}","templated":true}]}}