{"id":14804,"date":"2017-02-16T17:18:32","date_gmt":"2017-02-16T20:18:32","guid":{"rendered":"https:\/\/eldiariodesanpedro.com.ar\/sitio\/?p=14804"},"modified":"2017-02-16T17:18:32","modified_gmt":"2017-02-16T20:18:32","slug":"vidal-entrego-subsidio-para-hogares-de-proteccion-integral-de-las-mujeres-victimas-de-violencia","status":"publish","type":"post","link":"https:\/\/eldiariodesanpedro.com.ar\/sitio\/vidal-entrego-subsidio-para-hogares-de-proteccion-integral-de-las-mujeres-victimas-de-violencia\/","title":{"rendered":"Vidal entreg\u00f3 subsidio para Hogares de Protecci\u00f3n Integral de las Mujeres V\u00edctimas de Violencia"},"content":{"rendered":"<p><!-- VideographyWP Plugin Message: Automatic video embedding prevented by plugin options. --><br \/>\nFue este jueves durante un acto que se desarroll\u00f3 en Lomas de Zamora. El mismo estuvo encabezado por la Gobernadora de la Provincia de Buenos Aires Mar\u00eda Eugenia Vidal.<\/p>\n<p>Junto a la mandataria provincial estuvieron el Secretario de Derechos Humanos Bonaerenses Santiago Cant\u00f3n; el Subsecretario de Gobierno y Asuntos Municipales Alex Campbell; y la Subsecretaria de G\u00e9nero y Diversidad Sexual Daniela Reich.<\/p>\n<p>Estuvieron presentes 25 Intendenes entre ellos Cecilio Salazar. Vidal entreg\u00f3 subsidios para Hogares Municipales de Protecci\u00f3n Integral de las Mujeres V\u00edctimas de Violencia.<\/p>\n","protected":false},"excerpt":{"rendered":"<p>Fue este jueves durante un acto que se desarroll\u00f3 en Lomas de Zamora. El mismo estuvo encabezado por la Gobernadora de la Provincia de Buenos Aires Mar\u00eda Eugenia Vidal. Junto a la mandataria provincial estuvieron el Secretario de Derechos Humanos Bonaerenses Santiago Cant\u00f3n; el Subsecretario de Gobierno y Asuntos Municipales Alex Campbell; y la Subsecretaria [&hellip;]<\/p>\n","protected":false},"author":4,"featured_media":14805,"comment_status":"open","ping_status":"closed","sticky":false,"template":"","format":"standard","meta":{"om_disable_all_campaigns":false,"_jetpack_memberships_contains_paid_content":false,"footnotes":""},"categories":[50,2,102],"tags":[],"class_list":["post-14804","post","type-post","status-publish","format-standard","has-post-thumbnail","hentry","category-destacadas","category-locales","category-politica-locales"],"aioseo_notices":[],"gutentor_comment":0,"jetpack_featured_media_url":"https:\/\/eldiariodesanpedro.com.ar\/sitio\/wp-content\/uploads\/2017\/02\/VidalLomas.jpg","jetpack_shortlink":"https:\/\/wp.me\/p6RhLt-3QM","jetpack_sharing_enabled":true,"_links":{"self":[{"href":"https:\/\/eldiariodesanpedro.com.ar\/sitio\/wp-json\/wp\/v2\/posts\/14804","targetHints":{"allow":["GET"]}}],"collection":[{"href":"https:\/\/eldiariodesanpedro.com.ar\/sitio\/wp-json\/wp\/v2\/posts"}],"about":[{"href":"https:\/\/eldiariodesanpedro.com.ar\/sitio\/wp-json\/wp\/v2\/types\/post"}],"author":[{"embeddable":true,"href":"https:\/\/eldiariodesanpedro.com.ar\/sitio\/wp-json\/wp\/v2\/users\/4"}],"replies":[{"embeddable":true,"href":"https:\/\/eldiariodesanpedro.com.ar\/sitio\/wp-json\/wp\/v2\/comments?post=14804"}],"version-history":[{"count":1,"href":"https:\/\/eldiariodesanpedro.com.ar\/sitio\/wp-json\/wp\/v2\/posts\/14804\/revisions"}],"predecessor-version":[{"id":14806,"href":"https:\/\/eldiariodesanpedro.com.ar\/sitio\/wp-json\/wp\/v2\/posts\/14804\/revisions\/14806"}],"wp:featuredmedia":[{"embeddable":true,"href":"https:\/\/eldiariodesanpedro.com.ar\/sitio\/wp-json\/wp\/v2\/media\/14805"}],"wp:attachment":[{"href":"https:\/\/eldiariodesanpedro.com.ar\/sitio\/wp-json\/wp\/v2\/media?parent=14804"}],"wp:term":[{"taxonomy":"category","embeddable":true,"href":"https:\/\/eldiariodesanpedro.com.ar\/sitio\/wp-json\/wp\/v2\/categories?post=14804"},{"taxonomy":"post_tag","embeddable":true,"href":"https:\/\/eldiariodesanpedro.com.ar\/sitio\/wp-json\/wp\/v2\/tags?post=14804"}],"curies":[{"name":"wp","href":"https:\/\/api.w.org\/{rel}","templated":true}]}}