{"id":148036,"date":"2026-02-11T22:36:58","date_gmt":"2026-02-12T01:36:58","guid":{"rendered":"https:\/\/eldiariodesanpedro.com.ar\/sitio\/cristina-kirchner-solicita-acceso-ilimitado-a-la-terraza-durante-su-prision-domiciliaria\/"},"modified":"2026-02-11T22:36:58","modified_gmt":"2026-02-12T01:36:58","slug":"cristina-kirchner-solicita-acceso-ilimitado-a-la-terraza-durante-su-prision-domiciliaria","status":"publish","type":"post","link":"https:\/\/eldiariodesanpedro.com.ar\/sitio\/cristina-kirchner-solicita-acceso-ilimitado-a-la-terraza-durante-su-prision-domiciliaria\/","title":{"rendered":"Cristina Kirchner Solicita Acceso Ilimitado a la Terraza Durante su Prisi\u00f3n Domiciliaria"},"content":{"rendered":"<p><!-- VideographyWP Plugin Message: Automatic video embedding prevented by plugin options. --><\/p>\n<p><strong>Cristina Kirchner<\/strong> present\u00f3 una nueva solicitud ante la C\u00e1mara Federal de Casaci\u00f3n Penal para que se autorice el uso sin restricciones de la terraza del edificio donde cumple con su arresto domiciliario, en el marco de la causa por corrupci\u00f3n conocida como <strong>Caso Vialidad<\/strong>. La expresidenta tambi\u00e9n requiri\u00f3 el retiro de la tobillera electr\u00f3nica y la eliminaci\u00f3n del actual r\u00e9gimen de visitas.<\/p>\n<p>La petici\u00f3n, de <strong>32 p\u00e1ginas<\/strong> y firmada por su abogado Carlos Beraldi, fue remitida a la <strong>Sala IV<\/strong> del m\u00e1ximo tribunal penal, compuesta por los jueces Mariano Borinsky, Gustavo Hornos y Diego Barroetave\u00f1a. El escrito busca revertir todas las restricciones impuestas por el Tribunal Oral Federal 2, que incluyen el monitoreo con tobillera y limitaciones a las visitas tras la reuni\u00f3n de Cristina Kirchner con nueve economistas en su domicilio de San Jos\u00e9 1111, en el barrio de Monserrat.<\/p>\n<p>Entre los principales argumentos de la defensa figura la solicitud de eliminar la <strong>restricci\u00f3n de dos horas diarias<\/strong> para acceder a la terraza, impuesta desde el 17 de diciembre por el juez Jorge Gorini. El magistrado cit\u00f3 las Reglas M\u00ednimas para el Tratamiento de los Reclusos, justificando la necesidad de garantizar acceso a espacios al aire libre, aunque con l\u00edmites.<\/p>\n<p>Beraldi sostiene que la limitaci\u00f3n resulta <strong>arbitraria<\/strong> y que el acceso a \u00e1reas abiertas constituye un derecho b\u00e1sico de cualquier persona privada de su libertad ambulatoria, protegido tanto por la legislaci\u00f3n nacional como por normas internacionales. En el escrito, el abogado subraya que no existe una norma vigente que otorgue a los jueces la facultad de determinar horarios o d\u00edas para utilizar terrazas, patios o balcones en casos de prisi\u00f3n domiciliaria.<\/p>\n<p>Para la defensa, tanto las restricciones de visitas como las del uso de la terraza <strong>carecen de fundamento legal<\/strong> y afectan el principio de igualdad ante la ley, argumentando que no hay antecedentes de medidas similares para otras personas bajo la misma modalidad.<\/p>\n<p>Finalmente, la presentaci\u00f3n retom\u00f3 la pol\u00e9mica reuni\u00f3n de la exmandataria con economistas, defendiendo que se trat\u00f3 de un encuentro profesional que no constituye una violaci\u00f3n de las obligaciones impuestas, y solicitando que se dejen sin efecto los actuales l\u00edmites a las visitas, que contemplan una duraci\u00f3n m\u00e1xima de dos horas, hasta dos veces por semana y con un m\u00e1ximo de tres personas por ocasi\u00f3n.<\/p>\n","protected":false},"excerpt":{"rendered":"<p>La defensa de la expresidenta pidi\u00f3 eliminar restricciones para usar la terraza y revis\u00f3 los l\u00edmites impuestos a las visitas en Monserrat.<\/p>\n","protected":false},"author":1,"featured_media":148035,"comment_status":"","ping_status":"","sticky":false,"template":"","format":"standard","meta":{"om_disable_all_campaigns":false,"_jetpack_memberships_contains_paid_content":false,"footnotes":""},"categories":[3],"tags":[],"class_list":["post-148036","post","type-post","status-publish","format-standard","has-post-thumbnail","hentry","category-nacionales"],"aioseo_notices":[],"gutentor_comment":0,"jetpack_featured_media_url":"https:\/\/eldiariodesanpedro.com.ar\/sitio\/wp-content\/uploads\/2026\/02\/FO85w4-ip_2000x1500__1.jpg","jetpack_shortlink":"https:\/\/wp.me\/p6RhLt-CvG","jetpack_sharing_enabled":true,"_links":{"self":[{"href":"https:\/\/eldiariodesanpedro.com.ar\/sitio\/wp-json\/wp\/v2\/posts\/148036","targetHints":{"allow":["GET"]}}],"collection":[{"href":"https:\/\/eldiariodesanpedro.com.ar\/sitio\/wp-json\/wp\/v2\/posts"}],"about":[{"href":"https:\/\/eldiariodesanpedro.com.ar\/sitio\/wp-json\/wp\/v2\/types\/post"}],"author":[{"embeddable":true,"href":"https:\/\/eldiariodesanpedro.com.ar\/sitio\/wp-json\/wp\/v2\/users\/1"}],"replies":[{"embeddable":true,"href":"https:\/\/eldiariodesanpedro.com.ar\/sitio\/wp-json\/wp\/v2\/comments?post=148036"}],"version-history":[{"count":0,"href":"https:\/\/eldiariodesanpedro.com.ar\/sitio\/wp-json\/wp\/v2\/posts\/148036\/revisions"}],"wp:featuredmedia":[{"embeddable":true,"href":"https:\/\/eldiariodesanpedro.com.ar\/sitio\/wp-json\/wp\/v2\/media\/148035"}],"wp:attachment":[{"href":"https:\/\/eldiariodesanpedro.com.ar\/sitio\/wp-json\/wp\/v2\/media?parent=148036"}],"wp:term":[{"taxonomy":"category","embeddable":true,"href":"https:\/\/eldiariodesanpedro.com.ar\/sitio\/wp-json\/wp\/v2\/categories?post=148036"},{"taxonomy":"post_tag","embeddable":true,"href":"https:\/\/eldiariodesanpedro.com.ar\/sitio\/wp-json\/wp\/v2\/tags?post=148036"}],"curies":[{"name":"wp","href":"https:\/\/api.w.org\/{rel}","templated":true}]}}