{"id":148022,"date":"2026-02-11T18:56:17","date_gmt":"2026-02-11T21:56:17","guid":{"rendered":"https:\/\/eldiariodesanpedro.com.ar\/sitio\/javier-milei-se-pronuncia-tras-los-incidentes-durante-la-protesta-en-el-congreso\/"},"modified":"2026-02-11T18:56:17","modified_gmt":"2026-02-11T21:56:17","slug":"javier-milei-se-pronuncia-tras-los-incidentes-durante-la-protesta-en-el-congreso","status":"publish","type":"post","link":"https:\/\/eldiariodesanpedro.com.ar\/sitio\/javier-milei-se-pronuncia-tras-los-incidentes-durante-la-protesta-en-el-congreso\/","title":{"rendered":"Javier Milei Se Pronuncia Tras los Incidentes Durante la Protesta en el Congreso"},"content":{"rendered":"<p><!-- VideographyWP Plugin Message: Automatic video embedding prevented by plugin options. --><\/p>\n<p><strong>Tensiones extremas se vivieron ayer en las inmediaciones del Congreso de la Naci\u00f3n<\/strong>, donde se desarrollaba el debate por la reforma laboral. Los alrededores del recinto se convirtieron en escenario de enfrentamientos entre manifestantes y fuerzas de seguridad federales, que recurrieron al protocolo antipiquete para resguardar el desarrollo parlamentario. El saldo incluy\u00f3 <strong>personas heridas y varios detenidos<\/strong>, as\u00ed como la difusi\u00f3n de im\u00e1genes de violencia en medios y redes sociales, acrecentando la preocupaci\u00f3n social y pol\u00edtica.<\/p>\n<p>En este contexto, <strong>el presidente Javier Milei<\/strong> utiliz\u00f3 su cuenta oficial en la red social X para pronunciarse sobre los hechos. Acompa\u00f1\u00f3 una serie de fotograf\u00edas y videos de los disturbios en el exterior del Palacio Legislativo con el mensaje: <strong>\u201cDel otro lado tenemos esto\u201d<\/strong>.<\/p>\n<p>El mandatario busc\u00f3 encuadrar la protesta como una cuesti\u00f3n de orden p\u00fablico y marcar diferencias pol\u00edticas. <strong>Su publicaci\u00f3n gener\u00f3 reacciones inmediatas en el \u00e1mbito oficialista y en la oposici\u00f3n<\/strong>, reavivando el debate sobre el alcance de las manifestaciones y la funci\u00f3n del Estado ante la protesta social.<\/p>\n<p>El mensaje de Milei fue replicado por miembros del Ejecutivo y simpatizantes, quienes respaldaron la intervenci\u00f3n de las fuerzas federales, insistiendo en la necesidad de <strong>preservar la paz social<\/strong> frente a la presi\u00f3n sindical. Por otro lado, la <strong>CGT<\/strong> y otras organizaciones gremiales difundieron comunicados en los que denunciaron represi\u00f3n y defendieron el derecho a manifestarse ante lo que consideraron un recorte de derechos laborales. Seg\u00fan reportes, el uso de <strong>gases lacrim\u00f3genos, balas de goma y carros hidrantes<\/strong> produjo, al menos, <strong>diez heridos y m\u00faltiples detenciones<\/strong>.<\/p>\n<p>La violencia se intensific\u00f3 cuando algunos participantes intentaron derribar las vallas de seguridad dispuestas alrededor del Congreso. <strong>La Polic\u00eda Federal utiliz\u00f3 gas pimienta y realiz\u00f3 formaciones de dispersi\u00f3n<\/strong> para contener a los sectores m\u00e1s radicalizados.<\/p>\n<p>Simult\u00e1neamente, en redes sociales circularon videos donde se ve\u00eda a manifestantes arrojando objetos y repleg\u00e1ndose frente a la acci\u00f3n de los carros hidrantes, en medio de detonaciones y gritos.<\/p>\n<p>El pronunciamiento presidencial fue interpretado como una reafirmaci\u00f3n de su pol\u00edtica de <strong>tolerancia cero ante piquetes<\/strong>. Voceros del gobierno nacional defendieron el protocolo antipiquete, subrayando el objetivo de garantizar el trabajo legislativo sin interrupciones. <strong>La ministra de Seguridad, Patricia Bullrich, remarc\u00f3 que no tolerar\u00e1n que grupos violentos condicionen la democracia<\/strong>.<\/p>\n<p>Desde sectores de la oposici\u00f3n, la respuesta fue inmediata. Legisladores peronistas y de izquierda repudiaron el accionar oficial y exigieron el cese de la represi\u00f3n. <strong>Se resalt\u00f3 que el derecho a la protesta es una garant\u00eda constitucional<\/strong>, al tiempo que organismos de derechos humanos solicitaron la intervenci\u00f3n judicial para investigar excesos de las fuerzas.<\/p>\n<p>Mientras continuaba el tratamiento parlamentario bajo fuerte custodia, <strong>el presidente de la C\u00e1mara de Diputados, Mart\u00edn Menem<\/strong>, sostuvo que la actividad legislativa seguir\u00eda a pesar de los incidentes, pidiendo cautela a los legisladores.<\/p>\n<p>La <strong>CGT anunci\u00f3 una nueva jornada de movilizaci\u00f3n<\/strong> en rechazo al accionar policial y en defensa de los derechos laborales. Las im\u00e1genes del operativo de seguridad \u2014que incluy\u00f3 personal de Gendarmer\u00eda, Prefectura y Polic\u00eda Federal\u2014 alimentaron el debate sobre los l\u00edmites de la protesta social y la actuaci\u00f3n estatal.<\/p>\n<p>La publicaci\u00f3n de Milei, con la frase <strong>\u201cDel otro lado tenemos esto\u201d<\/strong>, se volvi\u00f3 tendencia nacional y suscit\u00f3 miles de opiniones a favor y en contra. Los incidentes dejaron en evidencia la <strong>profunda polarizaci\u00f3n pol\u00edtica y social<\/strong> que atraviesa el pa\u00eds en el contexto de la reforma laboral y el debate por el derecho a la protesta. El d\u00eda cerr\u00f3 con heridos, detenidos y una controversia institucional que continuar\u00e1 en el centro de la agenda p\u00fablica.<\/p>\n","protected":false},"excerpt":{"rendered":"<p>El presidente comparti\u00f3 un mensaje contundente en redes sociales luego de los enfrentamientos durante la manifestaci\u00f3n contra la reforma laboral.<\/p>\n","protected":false},"author":1,"featured_media":148021,"comment_status":"","ping_status":"","sticky":false,"template":"","format":"standard","meta":{"om_disable_all_campaigns":false,"_jetpack_memberships_contains_paid_content":false,"footnotes":""},"categories":[3],"tags":[],"class_list":["post-148022","post","type-post","status-publish","format-standard","has-post-thumbnail","hentry","category-nacionales"],"aioseo_notices":[],"gutentor_comment":0,"jetpack_featured_media_url":"https:\/\/eldiariodesanpedro.com.ar\/sitio\/wp-content\/uploads\/2026\/02\/PIP4IPDOURG73BT2Q32YDROXJI.jpg","jetpack_shortlink":"https:\/\/wp.me\/p6RhLt-Cvs","jetpack_sharing_enabled":true,"_links":{"self":[{"href":"https:\/\/eldiariodesanpedro.com.ar\/sitio\/wp-json\/wp\/v2\/posts\/148022","targetHints":{"allow":["GET"]}}],"collection":[{"href":"https:\/\/eldiariodesanpedro.com.ar\/sitio\/wp-json\/wp\/v2\/posts"}],"about":[{"href":"https:\/\/eldiariodesanpedro.com.ar\/sitio\/wp-json\/wp\/v2\/types\/post"}],"author":[{"embeddable":true,"href":"https:\/\/eldiariodesanpedro.com.ar\/sitio\/wp-json\/wp\/v2\/users\/1"}],"replies":[{"embeddable":true,"href":"https:\/\/eldiariodesanpedro.com.ar\/sitio\/wp-json\/wp\/v2\/comments?post=148022"}],"version-history":[{"count":0,"href":"https:\/\/eldiariodesanpedro.com.ar\/sitio\/wp-json\/wp\/v2\/posts\/148022\/revisions"}],"wp:featuredmedia":[{"embeddable":true,"href":"https:\/\/eldiariodesanpedro.com.ar\/sitio\/wp-json\/wp\/v2\/media\/148021"}],"wp:attachment":[{"href":"https:\/\/eldiariodesanpedro.com.ar\/sitio\/wp-json\/wp\/v2\/media?parent=148022"}],"wp:term":[{"taxonomy":"category","embeddable":true,"href":"https:\/\/eldiariodesanpedro.com.ar\/sitio\/wp-json\/wp\/v2\/categories?post=148022"},{"taxonomy":"post_tag","embeddable":true,"href":"https:\/\/eldiariodesanpedro.com.ar\/sitio\/wp-json\/wp\/v2\/tags?post=148022"}],"curies":[{"name":"wp","href":"https:\/\/api.w.org\/{rel}","templated":true}]}}