{"id":148017,"date":"2026-02-11T18:21:35","date_gmt":"2026-02-11T21:21:35","guid":{"rendered":"https:\/\/eldiariodesanpedro.com.ar\/sitio\/argentina-que-hay-detras-del-fenomeno-therian-segun-una-especialista\/"},"modified":"2026-02-11T18:23:12","modified_gmt":"2026-02-11T21:23:12","slug":"argentina-que-hay-detras-del-fenomeno-therian-segun-una-especialista","status":"publish","type":"post","link":"https:\/\/eldiariodesanpedro.com.ar\/sitio\/argentina-que-hay-detras-del-fenomeno-therian-segun-una-especialista\/","title":{"rendered":"Qu\u00e9 Hay Detr\u00e1s Del Fen\u00f3meno Therian Seg\u00fan Una Especialista"},"content":{"rendered":"<p><!-- VideographyWP Plugin Message: Automatic video embedding prevented by plugin options. --><\/p>\n<p><strong>El fen\u00f3meno therian<\/strong>, que surgi\u00f3 en espacios virtuales como foros y redes sociales, se ha instalado con fuerza en la agenda p\u00fablica argentina, provocando debate y curiosidad en distintos \u00e1mbitos, desde medios tradicionales hasta conversaciones cotidianas.<\/p>\n<p>Consultada por MDZ, la <strong>psic\u00f3loga Aldana Ferreira<\/strong> (matr\u00edcula 4047) brind\u00f3 detalles sobre este fen\u00f3meno. Subray\u00f3 la importancia de comprender bien los t\u00e9rminos antes de emitir juicios, ya que las redes sociales suelen confundir conceptos y distorsionar el an\u00e1lisis p\u00fablico.<\/p>\n<p>La especialista aclar\u00f3 que <strong>ser therian no implica querer dejar de ser humano<\/strong>, sino establecer un v\u00ednculo simb\u00f3lico con caracter\u00edsticas de animales. Seg\u00fan explic\u00f3, esta identificaci\u00f3n puede manifestarse a trav\u00e9s de gestos, est\u00e9ticas o determinadas conductas, sobre todo en encuentros, redes sociales o juegos de rol. Sin embargo, no se trata de reemplazar la vida diaria por una din\u00e1mica regida por normas \u201canimales\u201d, sino de una <strong>experiencia l\u00fadica y perform\u00e1tica<\/strong>.<\/p>\n<p>Ferreira descart\u00f3 que se trate de una simple moda, y lo relacion\u00f3 con procesos t\u00edpicos de la adolescencia, cuando la construcci\u00f3n de la identidad y la pertenencia grupal adquieren especial relevancia. Para la profesional, <strong>el fen\u00f3meno therian funciona como un grupo identitario<\/strong>: la comunidad otorga reconocimiento e integraci\u00f3n a quienes comparten este tipo de expresiones.<\/p>\n<p>La psic\u00f3loga subray\u00f3 que la etiqueta \u201ctherian\u201d no necesariamente define a la persona de forma permanente. Puede representar una etapa, una b\u00fasqueda personal o la forma de comunicar emociones dif\u00edciles de expresar. \u201cMuchas veces, la juventud proyecta lo que duele o falta en s\u00edmbolos\u201d, se\u00f1al\u00f3.<\/p>\n<p>Compar\u00f3 el fen\u00f3meno con el surgimiento de <strong>tribus urbanas<\/strong> en generaciones anteriores, como floggers, emos, punks o skaters, subrayando que la b\u00fasqueda de identidad persiste aunque cambie su formato y velocidad gracias a la <strong>amplificaci\u00f3n de las redes sociales<\/strong>.<\/p>\n<p>Por \u00faltimo, Ferreira advirti\u00f3 que <strong>llamar la atenci\u00f3n no equivale a un trastorno<\/strong>. Recalc\u00f3 la necesidad de evitar generalizaciones y no convertir la rareza social en diagn\u00f3stico. Si bien pueden existir casos donde sea necesaria una consulta profesional, un video viral no basta para sacar conclusiones cl\u00ednicas.<\/p>\n","protected":false},"excerpt":{"rendered":"<p>Una psic\u00f3loga explic\u00f3 el trasfondo del fen\u00f3meno therian en Argentina y c\u00f3mo impacta en la b\u00fasqueda de identidad juvenil.<\/p>\n","protected":false},"author":4,"featured_media":148016,"comment_status":"closed","ping_status":"closed","sticky":false,"template":"","format":"standard","meta":{"om_disable_all_campaigns":false,"_jetpack_memberships_contains_paid_content":false,"footnotes":""},"categories":[3],"tags":[],"class_list":["post-148017","post","type-post","status-publish","format-standard","has-post-thumbnail","hentry","category-nacionales"],"aioseo_notices":[],"gutentor_comment":0,"jetpack_featured_media_url":"https:\/\/eldiariodesanpedro.com.ar\/sitio\/wp-content\/uploads\/2026\/02\/el-fenomeno-therian.jpg","jetpack_shortlink":"https:\/\/wp.me\/p6RhLt-Cvn","jetpack_sharing_enabled":true,"_links":{"self":[{"href":"https:\/\/eldiariodesanpedro.com.ar\/sitio\/wp-json\/wp\/v2\/posts\/148017","targetHints":{"allow":["GET"]}}],"collection":[{"href":"https:\/\/eldiariodesanpedro.com.ar\/sitio\/wp-json\/wp\/v2\/posts"}],"about":[{"href":"https:\/\/eldiariodesanpedro.com.ar\/sitio\/wp-json\/wp\/v2\/types\/post"}],"author":[{"embeddable":true,"href":"https:\/\/eldiariodesanpedro.com.ar\/sitio\/wp-json\/wp\/v2\/users\/4"}],"replies":[{"embeddable":true,"href":"https:\/\/eldiariodesanpedro.com.ar\/sitio\/wp-json\/wp\/v2\/comments?post=148017"}],"version-history":[{"count":1,"href":"https:\/\/eldiariodesanpedro.com.ar\/sitio\/wp-json\/wp\/v2\/posts\/148017\/revisions"}],"predecessor-version":[{"id":148018,"href":"https:\/\/eldiariodesanpedro.com.ar\/sitio\/wp-json\/wp\/v2\/posts\/148017\/revisions\/148018"}],"wp:featuredmedia":[{"embeddable":true,"href":"https:\/\/eldiariodesanpedro.com.ar\/sitio\/wp-json\/wp\/v2\/media\/148016"}],"wp:attachment":[{"href":"https:\/\/eldiariodesanpedro.com.ar\/sitio\/wp-json\/wp\/v2\/media?parent=148017"}],"wp:term":[{"taxonomy":"category","embeddable":true,"href":"https:\/\/eldiariodesanpedro.com.ar\/sitio\/wp-json\/wp\/v2\/categories?post=148017"},{"taxonomy":"post_tag","embeddable":true,"href":"https:\/\/eldiariodesanpedro.com.ar\/sitio\/wp-json\/wp\/v2\/tags?post=148017"}],"curies":[{"name":"wp","href":"https:\/\/api.w.org\/{rel}","templated":true}]}}