{"id":148009,"date":"2026-02-11T18:12:20","date_gmt":"2026-02-11T21:12:20","guid":{"rendered":"https:\/\/eldiariodesanpedro.com.ar\/sitio\/incidentes-en-la-marcha-de-la-cgt-al-congreso-heridos-y-detenidos-durante-la-protesta-contra-la-reforma-laboral\/"},"modified":"2026-02-11T18:12:20","modified_gmt":"2026-02-11T21:12:20","slug":"incidentes-en-la-marcha-de-la-cgt-al-congreso-heridos-y-detenidos-durante-la-protesta-contra-la-reforma-laboral","status":"publish","type":"post","link":"https:\/\/eldiariodesanpedro.com.ar\/sitio\/incidentes-en-la-marcha-de-la-cgt-al-congreso-heridos-y-detenidos-durante-la-protesta-contra-la-reforma-laboral\/","title":{"rendered":"Incidentes en la Marcha de la CGT al Congreso: Heridos y Detenidos Durante la Protesta Contra la Reforma Laboral"},"content":{"rendered":"<p><!-- VideographyWP Plugin Message: Automatic video embedding prevented by plugin options. --><\/p>\n<p><strong>La Plaza Congreso fue epicentro<\/strong> de una masiva movilizaci\u00f3n impulsada por la CGT, con la participaci\u00f3n de sindicatos y agrupaciones pol\u00edticas que expresaron su rechazo a la reforma laboral discutida en el Senado. El operativo de seguridad se despleg\u00f3 con intensidad alrededor del Palacio Legislativo, donde se concentraron miles de manifestantes.<\/p>\n<p>La jornada se vio marcada por episodios violentos, especialmente entre las 15 y las 17, cuando grupos de manifestantes arrojaron piedras y bombas molotov contra efectivos de <strong>Gendarmer\u00eda y la Polic\u00eda Federal<\/strong>. Las fuerzas de seguridad respondieron con gas pimienta y el uso de carros hidrantes para dispersar a quienes intentaban avanzar sobre el vallado.<\/p>\n<p>Como consecuencia de estos incidentes, <strong>al menos cuatro agentes resultaron heridos<\/strong> y <strong>dos personas fueron detenidas<\/strong>. La ministra de Seguridad, Alejandra Monteoliva, confirm\u00f3 que entre los lesionados hay tres gendarmes y un polic\u00eda. Adem\u00e1s, se\u00f1al\u00f3 que algunos manifestantes estaban armados con morteros caseros, gomeras con elementos met\u00e1licos y artefactos incendiarios.<\/p>\n<p>La tensi\u00f3n se origin\u00f3 cuando las fuerzas intentaron retirar banderas a militantes de izquierda, lo que deriv\u00f3 en enfrentamientos directos en los alrededores del Congreso. La situaci\u00f3n continu\u00f3 en escalada, con quema de tachos de basura y lanzamiento de proyectiles, mientras grupos de militantes lograron derribar parte del vallado antes de ser contenidos nuevamente.<\/p>\n<p>La movilizaci\u00f3n cont\u00f3 con la presencia de importantes sindicatos como la <strong>UOM, las dos CTA, UATRE, UOCRA y La Bancaria<\/strong>, entre otros, quienes tambi\u00e9n promovieron <strong>paros y ceses de actividades<\/strong> en diversos servicios. Adem\u00e1s, se sumaron a la protesta trabajadores agrupados en la Confederaci\u00f3n Argentina de Trabajadores del Transporte (CATT), incluyendo sectores de Camioneros, Aeron\u00e1uticos y Portuarios.<\/p>\n<p>En plano pol\u00edtico, dirigentes del peronismo como el gobernador bonaerense Axel Kicillof y la vicegobernadora Ver\u00f3nica Magario participaron de la manifestaci\u00f3n, acompa\u00f1ados de legisladores y referentes de la izquierda como Christian Castillo y Myriam Bregman.<\/p>\n<p>Las movilizaciones se extendieron al <strong>interior del pa\u00eds<\/strong>, replic\u00e1ndose en ciudades como C\u00f3rdoba, Rosario, Mendoza y Neuqu\u00e9n, donde tambi\u00e9n se reportaron algunos incidentes y actos de protesta liderados por sindicatos regionales.<\/p>\n<p>A pesar de la magnitud de la marcha y los disturbios registrados, la CGT anunci\u00f3 que no convocar\u00e1 a un paro general por el momento, pero reiter\u00f3 su rechazo al proyecto de reforma, al considerarlo un retroceso en materia de derechos laborales.<\/p>\n","protected":false},"excerpt":{"rendered":"<p>Violentos enfrentamientos y protestas masivas marcaron la jornada frente al Congreso durante el debate sobre la reforma laboral.<\/p>\n","protected":false},"author":1,"featured_media":148008,"comment_status":"","ping_status":"","sticky":false,"template":"","format":"standard","meta":{"om_disable_all_campaigns":false,"_jetpack_memberships_contains_paid_content":false,"footnotes":""},"categories":[3],"tags":[],"class_list":["post-148009","post","type-post","status-publish","format-standard","has-post-thumbnail","hentry","category-nacionales"],"aioseo_notices":[],"gutentor_comment":0,"jetpack_featured_media_url":"https:\/\/eldiariodesanpedro.com.ar\/sitio\/wp-content\/uploads\/2026\/02\/89i-RRmpM_2000x1500__1.jpg","jetpack_shortlink":"https:\/\/wp.me\/p6RhLt-Cvf","jetpack_sharing_enabled":true,"_links":{"self":[{"href":"https:\/\/eldiariodesanpedro.com.ar\/sitio\/wp-json\/wp\/v2\/posts\/148009","targetHints":{"allow":["GET"]}}],"collection":[{"href":"https:\/\/eldiariodesanpedro.com.ar\/sitio\/wp-json\/wp\/v2\/posts"}],"about":[{"href":"https:\/\/eldiariodesanpedro.com.ar\/sitio\/wp-json\/wp\/v2\/types\/post"}],"author":[{"embeddable":true,"href":"https:\/\/eldiariodesanpedro.com.ar\/sitio\/wp-json\/wp\/v2\/users\/1"}],"replies":[{"embeddable":true,"href":"https:\/\/eldiariodesanpedro.com.ar\/sitio\/wp-json\/wp\/v2\/comments?post=148009"}],"version-history":[{"count":0,"href":"https:\/\/eldiariodesanpedro.com.ar\/sitio\/wp-json\/wp\/v2\/posts\/148009\/revisions"}],"wp:featuredmedia":[{"embeddable":true,"href":"https:\/\/eldiariodesanpedro.com.ar\/sitio\/wp-json\/wp\/v2\/media\/148008"}],"wp:attachment":[{"href":"https:\/\/eldiariodesanpedro.com.ar\/sitio\/wp-json\/wp\/v2\/media?parent=148009"}],"wp:term":[{"taxonomy":"category","embeddable":true,"href":"https:\/\/eldiariodesanpedro.com.ar\/sitio\/wp-json\/wp\/v2\/categories?post=148009"},{"taxonomy":"post_tag","embeddable":true,"href":"https:\/\/eldiariodesanpedro.com.ar\/sitio\/wp-json\/wp\/v2\/tags?post=148009"}],"curies":[{"name":"wp","href":"https:\/\/api.w.org\/{rel}","templated":true}]}}