{"id":148007,"date":"2026-02-11T18:06:23","date_gmt":"2026-02-11T21:06:23","guid":{"rendered":"https:\/\/eldiariodesanpedro.com.ar\/sitio\/robos-en-san-isidro-menores-ejecutaron-asaltos-coordinados-por-presos\/"},"modified":"2026-02-11T18:06:23","modified_gmt":"2026-02-11T21:06:23","slug":"robos-en-san-isidro-menores-ejecutaron-asaltos-coordinados-por-presos","status":"publish","type":"post","link":"https:\/\/eldiariodesanpedro.com.ar\/sitio\/robos-en-san-isidro-menores-ejecutaron-asaltos-coordinados-por-presos\/","title":{"rendered":"Robos en San Isidro: Menores Ejecutaron Asaltos Coordinados por Presos"},"content":{"rendered":"<p><!-- VideographyWP Plugin Message: Automatic video embedding prevented by plugin options. --><\/p>\n<p><strong>San Isidro<\/strong> volvi\u00f3 a ser escenario de graves episodios de inseguridad en los \u00faltimos d\u00edas, donde una <strong>jubilada influencer de 82 a\u00f1os<\/strong> y un hombre de 32 resultaron v\u00edctimas de asaltos violentos orquestados desde el interior de una c\u00e1rcel y ejecutados por menores de edad.<\/p>\n<p>De acuerdo a lo informado por el fiscal general adjunto de San Isidro, Patricio Ferrari, la investigaci\u00f3n revel\u00f3 que ambos asaltos fueron organizados y supervisados por miembros de la <strong>Banda del Mill\u00f3n<\/strong> presos, quienes daban indicaciones en tiempo real a sus c\u00f3mplices mediante videollamadas y el uso de redes sociales. Los delincuentes obten\u00edan informaci\u00f3n sobre sus v\u00edctimas a trav\u00e9s de internet, facilitando as\u00ed la planificaci\u00f3n de los robos.<\/p>\n<p>Uno de los hechos ocurri\u00f3 el <strong>9 de enero<\/strong>, cuando tres j\u00f3venes ingresaron a la vivienda de <strong>M\u00f3nica Eugenia Mancini<\/strong>, reconocida por su actividad en redes sociales, la maniataron, la golpearon y la amenazaron utilizando un cuchillo. Durante el asalto, los agresores exigieron dinero mientras la amenazaban con torturarla y secuestrarla, siempre bajo la supervisi\u00f3n remota de sus l\u00edderes detenidos.<\/p>\n<p>Seg\u00fan la fiscal\u00eda, los ladrones lograron llevarse <strong>efectivo en pesos y euros, joyas, equipamiento electr\u00f3nico, documentos personales<\/strong> y forzaron a la v\u00edctima a proporcionar claves bancarias para transferencias. Antes de huir, la dejaron atada de pies y manos.<\/p>\n<p>En otro hecho investigado, una vivienda ubicada en <strong>Mart\u00ednez<\/strong> fue violentada y desvalijada. Los delincuentes forzaron la reja con un criquet y sustrajeron dinero en distintas monedas, electrodom\u00e9sticos y una notebook. La fuga se realiz\u00f3 en un <strong>Ford Fiesta blanco<\/strong>, cuya patente permiti\u00f3 identificar y detener a <strong>Ortiz Lautaro Gabriel<\/strong>, se\u00f1alado como uno de los cabecillas.<\/p>\n<p>La <strong>DDI San Isidro<\/strong> y el <strong>Ministerio P\u00fablico Fiscal de Mart\u00ednez<\/strong> analizaron comunicaciones telef\u00f3nicas y registros bancarios, determinando que internos de distintas c\u00e1rceles coordinaban a menores desde el penal durante todas las etapas.<\/p>\n<p>La investigaci\u00f3n condujo a allanamientos en los que arrestaron a <strong>Brandon Imanol Brites<\/strong> y <strong>Lucas Ezequiel Merelles<\/strong>, considerados l\u00edderes de la organizaci\u00f3n y alojados en penales de Melchor Romero y La Plata respectivamente. En el operativo se incautaron celulares supuestamente utilizados para planificar los delitos.<\/p>\n<p>Fuentes judiciales confirmaron que los imputados compart\u00edan celda y dirig\u00edan las operaciones delictivas, situaci\u00f3n que se repite en otras bandas con acceso a telefon\u00eda en prisi\u00f3n. Por su parte, la fiscal\u00eda de Responsabilidad Penal Juvenil contin\u00faa investigando el paradero de otros involucrados, la mayor\u00eda menores que permanecen pr\u00f3fugos.<\/p>\n<p>El intendente de San Isidro, <strong>Ram\u00f3n Lan\u00fas<\/strong>, expres\u00f3 su preocupaci\u00f3n ante la posibilidad de que los delitos contin\u00faen siendo ordenados desde prisi\u00f3n, se\u00f1alando como un desaf\u00edo para el sistema de justicia y la seguridad local.<\/p>\n","protected":false},"excerpt":{"rendered":"<p>Una jubilada influencer y un joven sufrieron violentos robos dirigidos desde prisi\u00f3n por la Banda del Mill\u00f3n, con menores como ejecutores.<\/p>\n","protected":false},"author":1,"featured_media":148006,"comment_status":"","ping_status":"","sticky":false,"template":"","format":"standard","meta":{"om_disable_all_campaigns":false,"_jetpack_memberships_contains_paid_content":false,"footnotes":""},"categories":[3],"tags":[],"class_list":["post-148007","post","type-post","status-publish","format-standard","has-post-thumbnail","hentry","category-nacionales"],"aioseo_notices":[],"gutentor_comment":0,"jetpack_featured_media_url":"https:\/\/eldiariodesanpedro.com.ar\/sitio\/wp-content\/uploads\/2026\/02\/SZKTDWO2JNFNRBVEXZUVYKXGNQ.jpg","jetpack_shortlink":"https:\/\/wp.me\/p6RhLt-Cvd","jetpack_sharing_enabled":true,"_links":{"self":[{"href":"https:\/\/eldiariodesanpedro.com.ar\/sitio\/wp-json\/wp\/v2\/posts\/148007","targetHints":{"allow":["GET"]}}],"collection":[{"href":"https:\/\/eldiariodesanpedro.com.ar\/sitio\/wp-json\/wp\/v2\/posts"}],"about":[{"href":"https:\/\/eldiariodesanpedro.com.ar\/sitio\/wp-json\/wp\/v2\/types\/post"}],"author":[{"embeddable":true,"href":"https:\/\/eldiariodesanpedro.com.ar\/sitio\/wp-json\/wp\/v2\/users\/1"}],"replies":[{"embeddable":true,"href":"https:\/\/eldiariodesanpedro.com.ar\/sitio\/wp-json\/wp\/v2\/comments?post=148007"}],"version-history":[{"count":0,"href":"https:\/\/eldiariodesanpedro.com.ar\/sitio\/wp-json\/wp\/v2\/posts\/148007\/revisions"}],"wp:featuredmedia":[{"embeddable":true,"href":"https:\/\/eldiariodesanpedro.com.ar\/sitio\/wp-json\/wp\/v2\/media\/148006"}],"wp:attachment":[{"href":"https:\/\/eldiariodesanpedro.com.ar\/sitio\/wp-json\/wp\/v2\/media?parent=148007"}],"wp:term":[{"taxonomy":"category","embeddable":true,"href":"https:\/\/eldiariodesanpedro.com.ar\/sitio\/wp-json\/wp\/v2\/categories?post=148007"},{"taxonomy":"post_tag","embeddable":true,"href":"https:\/\/eldiariodesanpedro.com.ar\/sitio\/wp-json\/wp\/v2\/tags?post=148007"}],"curies":[{"name":"wp","href":"https:\/\/api.w.org\/{rel}","templated":true}]}}