{"id":148003,"date":"2026-02-11T17:51:59","date_gmt":"2026-02-11T20:51:59","guid":{"rendered":"https:\/\/eldiariodesanpedro.com.ar\/sitio\/san-nicolas-hurto-bajo-la-modalidad-hombre-arana-en-pleno-centro\/"},"modified":"2026-02-11T17:51:59","modified_gmt":"2026-02-11T20:51:59","slug":"san-nicolas-hurto-bajo-la-modalidad-hombre-arana-en-pleno-centro","status":"publish","type":"post","link":"https:\/\/eldiariodesanpedro.com.ar\/sitio\/san-nicolas-hurto-bajo-la-modalidad-hombre-arana-en-pleno-centro\/","title":{"rendered":"SAN NICOL\u00c1S | Hurto Bajo La Modalidad &#8216;Hombre Ara\u00f1a&#8217; En Pleno Centro"},"content":{"rendered":"<p><!-- VideographyWP Plugin Message: Automatic video embedding prevented by plugin options. --><\/p>\n<p>Un hecho delictivo inusual tuvo lugar en el centro de <strong>San Nicol\u00e1s<\/strong>, cuando un delincuente emple\u00f3 t\u00e9cnicas de escalada para ingresar a un departamento en altura y sustraer diversos objetos de valor.<\/p>\n<p>El suceso ocurri\u00f3 durante la madrugada, en un edificio ubicado en una zona muy transitada. Seg\u00fan fuentes policiales, el sospechoso logr\u00f3 acceder a la vivienda trepando por los balcones, modalidad conocida como &#8216;hombre ara\u00f1a&#8217;.<\/p>\n<p>El accionar delictivo gener\u00f3 preocupaci\u00f3n entre los residentes, quienes destacan la habilidad del ladr\u00f3n para sortear los sistemas de seguridad. Las autoridades locales ya iniciaron la investigaci\u00f3n correspondiente y recomiendan extremar las precauciones en edificios de la ciudad.<\/p>\n","protected":false},"excerpt":{"rendered":"<p>Un ladr\u00f3n escal\u00f3 un edificio c\u00e9ntrico de San Nicol\u00e1s para concretar un robo al estilo &#8216;hombre ara\u00f1a&#8217;, generando alarma en los vecinos.<\/p>\n","protected":false},"author":4,"featured_media":148002,"comment_status":"","ping_status":"","sticky":false,"template":"","format":"standard","meta":{"om_disable_all_campaigns":false,"_jetpack_memberships_contains_paid_content":false,"footnotes":""},"categories":[621],"tags":[],"class_list":["post-148003","post","type-post","status-publish","format-standard","has-post-thumbnail","hentry","category-regionales"],"aioseo_notices":[],"gutentor_comment":0,"jetpack_featured_media_url":"https:\/\/eldiariodesanpedro.com.ar\/sitio\/wp-content\/uploads\/2026\/02\/balcon.jpg","jetpack_shortlink":"https:\/\/wp.me\/p6RhLt-Cv9","jetpack_sharing_enabled":true,"_links":{"self":[{"href":"https:\/\/eldiariodesanpedro.com.ar\/sitio\/wp-json\/wp\/v2\/posts\/148003","targetHints":{"allow":["GET"]}}],"collection":[{"href":"https:\/\/eldiariodesanpedro.com.ar\/sitio\/wp-json\/wp\/v2\/posts"}],"about":[{"href":"https:\/\/eldiariodesanpedro.com.ar\/sitio\/wp-json\/wp\/v2\/types\/post"}],"author":[{"embeddable":true,"href":"https:\/\/eldiariodesanpedro.com.ar\/sitio\/wp-json\/wp\/v2\/users\/4"}],"replies":[{"embeddable":true,"href":"https:\/\/eldiariodesanpedro.com.ar\/sitio\/wp-json\/wp\/v2\/comments?post=148003"}],"version-history":[{"count":0,"href":"https:\/\/eldiariodesanpedro.com.ar\/sitio\/wp-json\/wp\/v2\/posts\/148003\/revisions"}],"wp:featuredmedia":[{"embeddable":true,"href":"https:\/\/eldiariodesanpedro.com.ar\/sitio\/wp-json\/wp\/v2\/media\/148002"}],"wp:attachment":[{"href":"https:\/\/eldiariodesanpedro.com.ar\/sitio\/wp-json\/wp\/v2\/media?parent=148003"}],"wp:term":[{"taxonomy":"category","embeddable":true,"href":"https:\/\/eldiariodesanpedro.com.ar\/sitio\/wp-json\/wp\/v2\/categories?post=148003"},{"taxonomy":"post_tag","embeddable":true,"href":"https:\/\/eldiariodesanpedro.com.ar\/sitio\/wp-json\/wp\/v2\/tags?post=148003"}],"curies":[{"name":"wp","href":"https:\/\/api.w.org\/{rel}","templated":true}]}}