{"id":147993,"date":"2026-02-11T16:51:42","date_gmt":"2026-02-11T19:51:42","guid":{"rendered":"https:\/\/eldiariodesanpedro.com.ar\/sitio\/?p=147993"},"modified":"2026-02-11T17:07:11","modified_gmt":"2026-02-11T20:07:11","slug":"la-anonima-confirmo-su-desembarco-y-abrira-un-supermercado-el-ex-supermercado-vea","status":"publish","type":"post","link":"https:\/\/eldiariodesanpedro.com.ar\/sitio\/la-anonima-confirmo-su-desembarco-y-abrira-un-supermercado-el-ex-supermercado-vea\/","title":{"rendered":"La An\u00f3nima confirm\u00f3 su desembarco y abrir\u00e1 un supermercado en el ex Vea"},"content":{"rendered":"<!-- VideographyWP Plugin Message: Automatic video embedding prevented by plugin options. -->\n\n<p><strong>La cadena supermercadista defini\u00f3 su inversi\u00f3n y avanzar\u00e1 con la apertura en el edificio donde funcion\u00f3 Vea, con obras y generaci\u00f3n de empleo local.<\/strong><\/p>\n\n\n\n<p>La empresa La An\u00f3nima confirm\u00f3 oficialmente su <strong>radicaci\u00f3n en la ciudad<\/strong>, tras alcanzar un acuerdo con los propietarios del inmueble ubicado sobre <strong>calle Balcarce, entre Ituzaing\u00f3 y Miguel Porta<\/strong>, donde anteriormente operaba el supermercado Vea.<\/p>\n\n\n\n<p>Autoridades de la firma comunicaron la decisi\u00f3n a representantes del Ejecutivo municipal, detallando el <strong>plan de inversi\u00f3n que permitir\u00e1 poner en valor el edificio y adecuarlo a los est\u00e1ndares de la cadena<\/strong>.<\/p>\n\n\n\n<p>Entre las principales mejoras previstas se encuentra la <strong>creaci\u00f3n de un sector exclusivo para carga y descarga de mercader\u00eda<\/strong>, una medida que apunta a <strong>evitar inconvenientes en el tr\u00e1nsito vehicular<\/strong> en la zona. Adem\u00e1s, el proyecto contempla la <strong>instalaci\u00f3n de c\u00e1maras frigor\u00edficas propias<\/strong>, fundamentales para garantizar la correcta conservaci\u00f3n de los productos frescos y congelados.<\/p>\n\n\n\n<p>Desde el Gobierno local expresaron su intenci\u00f3n de <strong>agilizar los tr\u00e1mites administrativos necesarios<\/strong> para acelerar la apertura del establecimiento. El objetivo es que la empresa pueda iniciar cuanto antes las obras correspondientes y avanzar hacia la <strong>contrataci\u00f3n de personal<\/strong>, instancia clave por el impacto que tendr\u00e1 en la generaci\u00f3n de nuevos puestos de trabajo.<\/p>\n\n\n\n<p>La llegada de la reconocida cadena representa una <strong>nueva inversi\u00f3n privada en el sector comercial<\/strong>, con impacto directo tanto en el movimiento econ\u00f3mico como en el empleo local.<\/p>\n\n\n\n<p>#LaAnonima #InversionPrivada #ComercioLocal #Empleo #Supermercados #SanPedro #EconomiaLocal<\/p>\n","protected":false},"excerpt":{"rendered":"<p>La cadena supermercadista defini\u00f3 su inversi\u00f3n y avanzar\u00e1 con la apertura en el edificio donde funcion\u00f3 Vea, con obras y generaci\u00f3n de empleo local. La empresa La An\u00f3nima confirm\u00f3 oficialmente su radicaci\u00f3n en la ciudad, tras alcanzar un acuerdo con los propietarios del inmueble ubicado sobre calle Balcarce, entre Ituzaing\u00f3 y Miguel Porta, donde anteriormente [&hellip;]<\/p>\n","protected":false},"author":4,"featured_media":147995,"comment_status":"closed","ping_status":"closed","sticky":false,"template":"","format":"standard","meta":{"om_disable_all_campaigns":false,"_jetpack_memberships_contains_paid_content":false,"footnotes":""},"categories":[50,101,2],"tags":[8752,8754,8755,8311,8753,6775,8751,8750],"class_list":["post-147993","post","type-post","status-publish","format-standard","has-post-thumbnail","hentry","category-destacadas","category-interes-general-locales","category-locales","tag-apertura-supermercado","tag-camaras-frigorificas","tag-carga-y-descarga-mercaderia","tag-comercio-local","tag-generacion-de-empleo","tag-inversion-privada","tag-la-anonima-san-pedro","tag-nuevo-supermercado-balcarce"],"aioseo_notices":[],"gutentor_comment":0,"jetpack_featured_media_url":"https:\/\/eldiariodesanpedro.com.ar\/sitio\/wp-content\/uploads\/2026\/02\/anonima-1.jpg","jetpack_shortlink":"https:\/\/wp.me\/p6RhLt-CuZ","jetpack_sharing_enabled":true,"_links":{"self":[{"href":"https:\/\/eldiariodesanpedro.com.ar\/sitio\/wp-json\/wp\/v2\/posts\/147993","targetHints":{"allow":["GET"]}}],"collection":[{"href":"https:\/\/eldiariodesanpedro.com.ar\/sitio\/wp-json\/wp\/v2\/posts"}],"about":[{"href":"https:\/\/eldiariodesanpedro.com.ar\/sitio\/wp-json\/wp\/v2\/types\/post"}],"author":[{"embeddable":true,"href":"https:\/\/eldiariodesanpedro.com.ar\/sitio\/wp-json\/wp\/v2\/users\/4"}],"replies":[{"embeddable":true,"href":"https:\/\/eldiariodesanpedro.com.ar\/sitio\/wp-json\/wp\/v2\/comments?post=147993"}],"version-history":[{"count":3,"href":"https:\/\/eldiariodesanpedro.com.ar\/sitio\/wp-json\/wp\/v2\/posts\/147993\/revisions"}],"predecessor-version":[{"id":147998,"href":"https:\/\/eldiariodesanpedro.com.ar\/sitio\/wp-json\/wp\/v2\/posts\/147993\/revisions\/147998"}],"wp:featuredmedia":[{"embeddable":true,"href":"https:\/\/eldiariodesanpedro.com.ar\/sitio\/wp-json\/wp\/v2\/media\/147995"}],"wp:attachment":[{"href":"https:\/\/eldiariodesanpedro.com.ar\/sitio\/wp-json\/wp\/v2\/media?parent=147993"}],"wp:term":[{"taxonomy":"category","embeddable":true,"href":"https:\/\/eldiariodesanpedro.com.ar\/sitio\/wp-json\/wp\/v2\/categories?post=147993"},{"taxonomy":"post_tag","embeddable":true,"href":"https:\/\/eldiariodesanpedro.com.ar\/sitio\/wp-json\/wp\/v2\/tags?post=147993"}],"curies":[{"name":"wp","href":"https:\/\/api.w.org\/{rel}","templated":true}]}}