{"id":14799,"date":"2017-02-16T15:14:27","date_gmt":"2017-02-16T18:14:27","guid":{"rendered":"https:\/\/eldiariodesanpedro.com.ar\/sitio\/?p=14799"},"modified":"2017-02-16T15:14:27","modified_gmt":"2017-02-16T18:14:27","slug":"detienen-una-persona-con-pedido-de-captura-por-un-robo","status":"publish","type":"post","link":"https:\/\/eldiariodesanpedro.com.ar\/sitio\/detienen-una-persona-con-pedido-de-captura-por-un-robo\/","title":{"rendered":"Detienen una persona con pedido de captura por un robo"},"content":{"rendered":"<p><!-- VideographyWP Plugin Message: Automatic video embedding prevented by plugin options. --><br \/>\nAyer personal de la polic\u00eda local de nuestra ciudad en conjunto con personal de la polic\u00eda de la comisaria procedieron a la aprehensi\u00f3n de un joven mayor de edad, quien se hallaba en inmediaciones de la plaza Belgrano, y que al momento de realizar su averiguaci\u00f3n de antecedentes se pudo constatar que el sujeto pose\u00eda pedido de captura activo por el delito de robo, con intervenci\u00f3n del Juzgado en lo correccional N\u00ba 2 de San Nicolas.<\/p>\n","protected":false},"excerpt":{"rendered":"<p>Ayer personal de la polic\u00eda local de nuestra ciudad en conjunto con personal de la polic\u00eda de la comisaria procedieron a la aprehensi\u00f3n de un joven mayor de edad, quien se hallaba en inmediaciones de la plaza Belgrano, y que al momento de realizar su averiguaci\u00f3n de antecedentes se pudo constatar que el sujeto pose\u00eda [&hellip;]<\/p>\n","protected":false},"author":4,"featured_media":4713,"comment_status":"open","ping_status":"closed","sticky":false,"template":"","format":"standard","meta":{"om_disable_all_campaigns":false,"_jetpack_memberships_contains_paid_content":false,"footnotes":""},"categories":[2,103],"tags":[],"class_list":["post-14799","post","type-post","status-publish","format-standard","has-post-thumbnail","hentry","category-locales","category-policiales-locales"],"aioseo_notices":[],"gutentor_comment":0,"jetpack_featured_media_url":"https:\/\/eldiariodesanpedro.com.ar\/sitio\/wp-content\/uploads\/2016\/05\/detenido.jpg","jetpack_shortlink":"https:\/\/wp.me\/p6RhLt-3QH","jetpack_sharing_enabled":true,"_links":{"self":[{"href":"https:\/\/eldiariodesanpedro.com.ar\/sitio\/wp-json\/wp\/v2\/posts\/14799","targetHints":{"allow":["GET"]}}],"collection":[{"href":"https:\/\/eldiariodesanpedro.com.ar\/sitio\/wp-json\/wp\/v2\/posts"}],"about":[{"href":"https:\/\/eldiariodesanpedro.com.ar\/sitio\/wp-json\/wp\/v2\/types\/post"}],"author":[{"embeddable":true,"href":"https:\/\/eldiariodesanpedro.com.ar\/sitio\/wp-json\/wp\/v2\/users\/4"}],"replies":[{"embeddable":true,"href":"https:\/\/eldiariodesanpedro.com.ar\/sitio\/wp-json\/wp\/v2\/comments?post=14799"}],"version-history":[{"count":1,"href":"https:\/\/eldiariodesanpedro.com.ar\/sitio\/wp-json\/wp\/v2\/posts\/14799\/revisions"}],"predecessor-version":[{"id":14800,"href":"https:\/\/eldiariodesanpedro.com.ar\/sitio\/wp-json\/wp\/v2\/posts\/14799\/revisions\/14800"}],"wp:featuredmedia":[{"embeddable":true,"href":"https:\/\/eldiariodesanpedro.com.ar\/sitio\/wp-json\/wp\/v2\/media\/4713"}],"wp:attachment":[{"href":"https:\/\/eldiariodesanpedro.com.ar\/sitio\/wp-json\/wp\/v2\/media?parent=14799"}],"wp:term":[{"taxonomy":"category","embeddable":true,"href":"https:\/\/eldiariodesanpedro.com.ar\/sitio\/wp-json\/wp\/v2\/categories?post=14799"},{"taxonomy":"post_tag","embeddable":true,"href":"https:\/\/eldiariodesanpedro.com.ar\/sitio\/wp-json\/wp\/v2\/tags?post=14799"}],"curies":[{"name":"wp","href":"https:\/\/api.w.org\/{rel}","templated":true}]}}