{"id":14794,"date":"2017-02-16T13:32:04","date_gmt":"2017-02-16T16:32:04","guid":{"rendered":"https:\/\/eldiariodesanpedro.com.ar\/sitio\/?p=14794"},"modified":"2017-02-16T15:17:14","modified_gmt":"2017-02-16T18:17:14","slug":"maluma-brillo-e-hizo-cantar-y-bailar-a-todo-baradero","status":"publish","type":"post","link":"https:\/\/eldiariodesanpedro.com.ar\/sitio\/maluma-brillo-e-hizo-cantar-y-bailar-a-todo-baradero\/","title":{"rendered":"Maluma brill\u00f3 e hizo cantar y bailar a todo Baradero"},"content":{"rendered":"<p><!-- VideographyWP Plugin Message: Automatic video embedding prevented by plugin options. --><br \/>\nCon una gran cantidad de publico, alrededor de 3500 personas en la vecina ciudad de Baradero vibraron al ritmo del gran artista internacional \u201cAbel Figueroa\u201d proveniente de Colombia.<\/p>\n<p>Como ya se lo esperaba con un gran show que duro aproximadamente una hora y treinta minutos. Estaba pactado el comienzo para las 21:00 hs, pero por problemas t\u00e9cnicos en las pantallas se retraso el comienzo casi hasta las 22:45.<\/p>\n<p>Cuando el artista colombiano reconocido en toda latinoamerica y en pleno \u00e9xito subi\u00f3 al escenario y hizo que la gente olvidara esas casi dos horas de espera.<\/p>\n<p>Sobre el escenario acondicionado especialmente con diferentes niveles,  luces, efectos, humo, fuego y papelitos, Maluma junto a sus m\u00fasicos y bailarines desplegaron todo su talento.<\/p>\n<p>Borro Casette, Sin Contrato, El Perdedor, Carnaval, La temperatura, Desde esa noche, cuatro babys, Vente Pa\u2019Ca y Chantaje fueron algunos de los \u00e9xitos que interpret\u00f3 el artista latino del momento.<\/p>\n<p>Usando las palabras justas, seduciendo continuamente, el joven cantante arengaba a la multitud, recorriendo el escenario de manera sincronizada y sin dejar nada librado al azar.<\/p>\n<p>Cuando parec\u00eda que el show hab\u00eda llegado a su fin, Maluma volvi\u00f3 al escenario con una camiseta de Argentina y cant\u00f3 su \u00faltima canci\u00f3n, cerrando con una lluvia de papelitos plateados y fuegos de artificio, mezclados con el espeso humo que cubri\u00f3 todo por unos minutos mientras las luces y la m\u00fasica se fue apagando.<\/p>\n<p>El fen\u00f3meno Maluma arras\u00f3 en Baradero, una de las cuatro plazas elegidas para su gira por el pa\u00eds.<\/p>\n<p>Sin duda este evento musical quedar\u00e1 en la historia de la vecina localidad y de toda la regi\u00f3n, porque m\u00e1s all\u00e1 del gusto personal, fue un espect\u00e1culo de nivel internacional que vuelve a poner a Baradero en un lugar destacado que hac\u00eda mucho tiempo que no tenia.<\/p>\n<p><iframe data-src=\"\/\/embedsocial.com\/facebook_album\/album_photos\/576510985891378\" width=\"900\" height=\"1500\" frameborder=\"0\" scrolling=\"no\" marginheight=\"0\" marginwidth=\"0\" src=\"data:image\/svg+xml;base64,PHN2ZyB3aWR0aD0iMSIgaGVpZ2h0PSIxIiB4bWxucz0iaHR0cDovL3d3dy53My5vcmcvMjAwMC9zdmciPjwvc3ZnPg==\" class=\"lazyload\" data-load-mode=\"1\"><\/iframe><\/p>\n<div class=\"fb-video\" data-allowfullscreen=\"true\" data-href=\"https:\/\/www.facebook.com\/eldiario.desanpedro\/videos\/576229519252858\/\" style=\"background-color: #fff; display: inline-block;\"><\/div>\n","protected":false},"excerpt":{"rendered":"<p>Con una gran cantidad de publico, alrededor de 3500 personas en la vecina ciudad de Baradero vibraron al ritmo del gran artista internacional \u201cAbel Figueroa\u201d proveniente de Colombia. Como ya se lo esperaba con un gran show que duro aproximadamente una hora y treinta minutos. Estaba pactado el comienzo para las 21:00 hs, pero por [&hellip;]<\/p>\n","protected":false},"author":4,"featured_media":14795,"comment_status":"open","ping_status":"closed","sticky":false,"template":"","format":"standard","meta":{"om_disable_all_campaigns":false,"_jetpack_memberships_contains_paid_content":false,"footnotes":""},"categories":[50,101,2,621],"tags":[],"class_list":["post-14794","post","type-post","status-publish","format-standard","has-post-thumbnail","hentry","category-destacadas","category-interes-general-locales","category-locales","category-regionales"],"aioseo_notices":[],"gutentor_comment":0,"jetpack_featured_media_url":"https:\/\/eldiariodesanpedro.com.ar\/sitio\/wp-content\/uploads\/2017\/02\/DSC_1013-e1487262694709.jpg","jetpack_shortlink":"https:\/\/wp.me\/p6RhLt-3QC","jetpack_sharing_enabled":true,"_links":{"self":[{"href":"https:\/\/eldiariodesanpedro.com.ar\/sitio\/wp-json\/wp\/v2\/posts\/14794","targetHints":{"allow":["GET"]}}],"collection":[{"href":"https:\/\/eldiariodesanpedro.com.ar\/sitio\/wp-json\/wp\/v2\/posts"}],"about":[{"href":"https:\/\/eldiariodesanpedro.com.ar\/sitio\/wp-json\/wp\/v2\/types\/post"}],"author":[{"embeddable":true,"href":"https:\/\/eldiariodesanpedro.com.ar\/sitio\/wp-json\/wp\/v2\/users\/4"}],"replies":[{"embeddable":true,"href":"https:\/\/eldiariodesanpedro.com.ar\/sitio\/wp-json\/wp\/v2\/comments?post=14794"}],"version-history":[{"count":4,"href":"https:\/\/eldiariodesanpedro.com.ar\/sitio\/wp-json\/wp\/v2\/posts\/14794\/revisions"}],"predecessor-version":[{"id":14801,"href":"https:\/\/eldiariodesanpedro.com.ar\/sitio\/wp-json\/wp\/v2\/posts\/14794\/revisions\/14801"}],"wp:featuredmedia":[{"embeddable":true,"href":"https:\/\/eldiariodesanpedro.com.ar\/sitio\/wp-json\/wp\/v2\/media\/14795"}],"wp:attachment":[{"href":"https:\/\/eldiariodesanpedro.com.ar\/sitio\/wp-json\/wp\/v2\/media?parent=14794"}],"wp:term":[{"taxonomy":"category","embeddable":true,"href":"https:\/\/eldiariodesanpedro.com.ar\/sitio\/wp-json\/wp\/v2\/categories?post=14794"},{"taxonomy":"post_tag","embeddable":true,"href":"https:\/\/eldiariodesanpedro.com.ar\/sitio\/wp-json\/wp\/v2\/tags?post=14794"}],"curies":[{"name":"wp","href":"https:\/\/api.w.org\/{rel}","templated":true}]}}