{"id":147937,"date":"2026-02-11T09:24:01","date_gmt":"2026-02-11T12:24:01","guid":{"rendered":"https:\/\/eldiariodesanpedro.com.ar\/sitio\/?p=147937"},"modified":"2026-02-11T09:32:38","modified_gmt":"2026-02-11T12:32:38","slug":"identificaron-a-un-hombre-de-29-anos-con-pedido-de-paradero-activo-por-amenazas-y-estafa","status":"publish","type":"post","link":"https:\/\/eldiariodesanpedro.com.ar\/sitio\/identificaron-a-un-hombre-de-29-anos-con-pedido-de-paradero-activo-por-amenazas-y-estafa\/","title":{"rendered":"Identificaron a un hombre de 29 a\u00f1os con pedido de paradero activo por amenazas y estafa"},"content":{"rendered":"<!-- VideographyWP Plugin Message: Automatic video embedding prevented by plugin options. -->\n\n<p><strong>Durante un operativo de identificaci\u00f3n en la v\u00eda p\u00fablica, la Polic\u00eda constat\u00f3 que el sujeto ten\u00eda un pedido de paradero vigente solicitado por la UFI N\u00b0 7.<\/strong><\/p>\n\n\n\n<p>En la jornada de ayer, personal policial llev\u00f3 adelante un <strong>operativo de identificaci\u00f3n selectiva de personas<\/strong> en la zona de <strong>Ayacucho al 900<\/strong>, donde procedi\u00f3 a identificar a un hombre de 29 a\u00f1os.<\/p>\n\n\n\n<p>Al verificar sus datos en el sistema inform\u00e1tico, los efectivos constataron que el individuo <strong>registraba un pedido de paradero activo<\/strong>, con fecha de alta del <strong>4 de diciembre de 2025<\/strong>, en el marco de una causa por <strong>amenazas y estafa<\/strong>.<\/p>\n\n\n\n<p>La medida judicial hab\u00eda sido requerida por la <strong>UFI N\u00b0 7<\/strong>, que interviene en la investigaci\u00f3n correspondiente. Tras la confirmaci\u00f3n del impedimento legal, se iniciaron las actuaciones de rigor para regularizar la situaci\u00f3n procesal del involucrado.<\/p>\n\n\n\n<p>El procedimiento se desarroll\u00f3 en el marco de los controles preventivos que se realizan peri\u00f3dicamente con el objetivo de detectar personas con requerimientos judiciales vigentes.<\/p>\n\n\n\n<p>#Policiales #PedidoDeParadero #Amenazas #Estafa #UFI7 #OperativoPolicial #Seguridad<\/p>\n","protected":false},"excerpt":{"rendered":"<p>Durante un operativo de identificaci\u00f3n en la v\u00eda p\u00fablica, la Polic\u00eda constat\u00f3 que el sujeto ten\u00eda un pedido de paradero vigente solicitado por la UFI N\u00b0 7. En la jornada de ayer, personal policial llev\u00f3 adelante un operativo de identificaci\u00f3n selectiva de personas en la zona de Ayacucho al 900, donde procedi\u00f3 a identificar a [&hellip;]<\/p>\n","protected":false},"author":4,"featured_media":147938,"comment_status":"closed","ping_status":"closed","sticky":false,"template":"","format":"standard","meta":{"om_disable_all_campaigns":false,"_jetpack_memberships_contains_paid_content":false,"footnotes":""},"categories":[2,103],"tags":[8713,6827,8714,8715,4055,6030,1738],"class_list":["post-147937","post","type-post","status-publish","format-standard","has-post-thumbnail","hentry","category-locales","category-policiales-locales","tag-amenazas-y-estafa","tag-causa-judicial","tag-identificacion-selectiva","tag-impedimento-legal","tag-operativo-policial","tag-pedido-de-paradero-activo","tag-ufi-7"],"aioseo_notices":[],"gutentor_comment":0,"jetpack_featured_media_url":"https:\/\/eldiariodesanpedro.com.ar\/sitio\/wp-content\/uploads\/2026\/02\/medida-1-13.jpg","jetpack_shortlink":"https:\/\/wp.me\/p6RhLt-Cu5","jetpack_sharing_enabled":true,"_links":{"self":[{"href":"https:\/\/eldiariodesanpedro.com.ar\/sitio\/wp-json\/wp\/v2\/posts\/147937","targetHints":{"allow":["GET"]}}],"collection":[{"href":"https:\/\/eldiariodesanpedro.com.ar\/sitio\/wp-json\/wp\/v2\/posts"}],"about":[{"href":"https:\/\/eldiariodesanpedro.com.ar\/sitio\/wp-json\/wp\/v2\/types\/post"}],"author":[{"embeddable":true,"href":"https:\/\/eldiariodesanpedro.com.ar\/sitio\/wp-json\/wp\/v2\/users\/4"}],"replies":[{"embeddable":true,"href":"https:\/\/eldiariodesanpedro.com.ar\/sitio\/wp-json\/wp\/v2\/comments?post=147937"}],"version-history":[{"count":1,"href":"https:\/\/eldiariodesanpedro.com.ar\/sitio\/wp-json\/wp\/v2\/posts\/147937\/revisions"}],"predecessor-version":[{"id":147939,"href":"https:\/\/eldiariodesanpedro.com.ar\/sitio\/wp-json\/wp\/v2\/posts\/147937\/revisions\/147939"}],"wp:featuredmedia":[{"embeddable":true,"href":"https:\/\/eldiariodesanpedro.com.ar\/sitio\/wp-json\/wp\/v2\/media\/147938"}],"wp:attachment":[{"href":"https:\/\/eldiariodesanpedro.com.ar\/sitio\/wp-json\/wp\/v2\/media?parent=147937"}],"wp:term":[{"taxonomy":"category","embeddable":true,"href":"https:\/\/eldiariodesanpedro.com.ar\/sitio\/wp-json\/wp\/v2\/categories?post=147937"},{"taxonomy":"post_tag","embeddable":true,"href":"https:\/\/eldiariodesanpedro.com.ar\/sitio\/wp-json\/wp\/v2\/tags?post=147937"}],"curies":[{"name":"wp","href":"https:\/\/api.w.org\/{rel}","templated":true}]}}