{"id":147934,"date":"2026-02-11T08:30:39","date_gmt":"2026-02-11T11:30:39","guid":{"rendered":"https:\/\/eldiariodesanpedro.com.ar\/sitio\/?p=147934"},"modified":"2026-02-11T08:37:19","modified_gmt":"2026-02-11T11:37:19","slug":"cambios-en-la-conduccion-policial-el-ministerio-de-seguridad-reemplazara-a-vela-y-pereyra","status":"publish","type":"post","link":"https:\/\/eldiariodesanpedro.com.ar\/sitio\/cambios-en-la-conduccion-policial-el-ministerio-de-seguridad-reemplazara-a-vela-y-pereyra\/","title":{"rendered":"Cambios en la conducci\u00f3n policial: el Ministerio de Seguridad reemplazar\u00e1 a Vela y Pereyra"},"content":{"rendered":"<!-- VideographyWP Plugin Message: Automatic video embedding prevented by plugin options. -->\n\n<p><strong>El Ministerio de Seguridad oficializar\u00eda en las pr\u00f3ximas horas el recambio en la c\u00fapula policial local, en medio de tensiones internas y denuncias.<\/strong><\/p>\n\n\n\n<p>La conducci\u00f3n policial del distrito atraviesa un <strong>nuevo proceso de reestructuraci\u00f3n<\/strong>, seg\u00fan confirmaron fuentes oficiales. En las pr\u00f3ximas horas, el <strong>Ministerio de Seguridad de la Provincia<\/strong> anunciar\u00eda formalmente los reemplazos en la Estaci\u00f3n de Polic\u00eda Comunal y en la Jefatura Distrital.<\/p>\n\n\n\n<p>De acuerdo a la informaci\u00f3n trascendida, dejar\u00edan sus cargos la <strong>comisaria Paola Vela<\/strong>, actual titular de la Estaci\u00f3n de Polic\u00eda Comunal, y el <strong>comisario Rodrigo Gast\u00f3n Pereyra<\/strong>, quien se desempe\u00f1a como Jefe Distrital.<\/p>\n\n\n\n<p>El recambio se produce en un contexto marcado por <strong>tensiones internas, diferencias entre autoridades policiales y personal subalterno<\/strong>, adem\u00e1s de <strong>denuncias judiciales y presentaciones ante la Auditor\u00eda General de Asuntos Internos<\/strong>, situaci\u00f3n que habr\u00eda acelerado la decisi\u00f3n pol\u00edtica de avanzar con modificaciones en la estructura local.<\/p>\n\n\n\n<p>Desde el \u00e1mbito municipal se\u00f1alaron que se encuentran a la espera de la resoluci\u00f3n oficial por parte de la cartera que conduce el ministro <strong>Javier Alonso<\/strong>, quien deber\u00e1 definir a los nuevos responsables de la seguridad en el distrito.<\/p>\n\n\n\n<p>Cabe recordar que <strong>Pereyra y Vela hab\u00edan asumido en marzo del a\u00f1o pasado<\/strong>, en reemplazo de Juan Catalano y Andr\u00e9s Galiano, en un anterior proceso de reorganizaci\u00f3n de la c\u00fapula policial.<\/p>\n\n\n\n<p>La confirmaci\u00f3n de los nuevos nombres se espera para las pr\u00f3ximas horas, en un escenario donde la seguridad vuelve a ubicarse en el centro de la agenda institucional.<\/p>\n","protected":false},"excerpt":{"rendered":"<p>El Ministerio de Seguridad oficializar\u00eda en las pr\u00f3ximas horas el recambio en la c\u00fapula policial local, en medio de tensiones internas y denuncias. La conducci\u00f3n policial del distrito atraviesa un nuevo proceso de reestructuraci\u00f3n, seg\u00fan confirmaron fuentes oficiales. En las pr\u00f3ximas horas, el Ministerio de Seguridad de la Provincia anunciar\u00eda formalmente los reemplazos en la [&hellip;]<\/p>\n","protected":false},"author":4,"featured_media":147935,"comment_status":"closed","ping_status":"closed","sticky":false,"template":"","format":"standard","meta":{"om_disable_all_campaigns":false,"_jetpack_memberships_contains_paid_content":false,"footnotes":""},"categories":[50,101,2],"tags":[8707,8708,8710,8709,3830,8711,8712],"class_list":["post-147934","post","type-post","status-publish","format-standard","has-post-thumbnail","hentry","category-destacadas","category-interes-general-locales","category-locales","tag-cambios-en-la-policia","tag-conduccion-policial","tag-estacion-de-policia-comunal","tag-jefatura-distrital","tag-ministerio-de-seguridad","tag-recambio-policial","tag-seguridad-en-el-distrito"],"aioseo_notices":[],"gutentor_comment":0,"jetpack_featured_media_url":"https:\/\/eldiariodesanpedro.com.ar\/sitio\/wp-content\/uploads\/2026\/02\/medida-1-12.jpg","jetpack_shortlink":"https:\/\/wp.me\/p6RhLt-Cu2","jetpack_sharing_enabled":true,"_links":{"self":[{"href":"https:\/\/eldiariodesanpedro.com.ar\/sitio\/wp-json\/wp\/v2\/posts\/147934","targetHints":{"allow":["GET"]}}],"collection":[{"href":"https:\/\/eldiariodesanpedro.com.ar\/sitio\/wp-json\/wp\/v2\/posts"}],"about":[{"href":"https:\/\/eldiariodesanpedro.com.ar\/sitio\/wp-json\/wp\/v2\/types\/post"}],"author":[{"embeddable":true,"href":"https:\/\/eldiariodesanpedro.com.ar\/sitio\/wp-json\/wp\/v2\/users\/4"}],"replies":[{"embeddable":true,"href":"https:\/\/eldiariodesanpedro.com.ar\/sitio\/wp-json\/wp\/v2\/comments?post=147934"}],"version-history":[{"count":1,"href":"https:\/\/eldiariodesanpedro.com.ar\/sitio\/wp-json\/wp\/v2\/posts\/147934\/revisions"}],"predecessor-version":[{"id":147936,"href":"https:\/\/eldiariodesanpedro.com.ar\/sitio\/wp-json\/wp\/v2\/posts\/147934\/revisions\/147936"}],"wp:featuredmedia":[{"embeddable":true,"href":"https:\/\/eldiariodesanpedro.com.ar\/sitio\/wp-json\/wp\/v2\/media\/147935"}],"wp:attachment":[{"href":"https:\/\/eldiariodesanpedro.com.ar\/sitio\/wp-json\/wp\/v2\/media?parent=147934"}],"wp:term":[{"taxonomy":"category","embeddable":true,"href":"https:\/\/eldiariodesanpedro.com.ar\/sitio\/wp-json\/wp\/v2\/categories?post=147934"},{"taxonomy":"post_tag","embeddable":true,"href":"https:\/\/eldiariodesanpedro.com.ar\/sitio\/wp-json\/wp\/v2\/tags?post=147934"}],"curies":[{"name":"wp","href":"https:\/\/api.w.org\/{rel}","templated":true}]}}