{"id":147932,"date":"2026-02-10T20:15:12","date_gmt":"2026-02-10T23:15:12","guid":{"rendered":"https:\/\/eldiariodesanpedro.com.ar\/sitio\/una-nina-de-cinco-anos-fue-internada-en-la-pampa-tras-dar-positivo-de-cocaina\/"},"modified":"2026-02-10T20:15:12","modified_gmt":"2026-02-10T23:15:12","slug":"una-nina-de-cinco-anos-fue-internada-en-la-pampa-tras-dar-positivo-de-cocaina","status":"publish","type":"post","link":"https:\/\/eldiariodesanpedro.com.ar\/sitio\/una-nina-de-cinco-anos-fue-internada-en-la-pampa-tras-dar-positivo-de-cocaina\/","title":{"rendered":"Una Ni\u00f1a de Cinco A\u00f1os Fue Internada en La Pampa Tras Dar Positivo de Coca\u00edna"},"content":{"rendered":"<p><!-- VideographyWP Plugin Message: Automatic video embedding prevented by plugin options. --><\/p>\n<p><strong>Una ni\u00f1a de cinco a\u00f1os permanece internada en un centro de salud de La Pampa<\/strong> luego de que un an\u00e1lisis de orina confirmara la presencia de coca\u00edna en su organismo.<\/p>\n<p>El incidente se produjo el s\u00e1bado, cuando su padre la llev\u00f3 a la guardia del <strong>Hospital Ren\u00e9 Favaloro<\/strong> debido a un malestar. Tras varios ex\u00e1menes, los m\u00e9dicos detectaron consumo de esta sustancia, lo que motiv\u00f3 la intervenci\u00f3n policial y judicial.<\/p>\n<p>Tras el hecho, <strong>el padre fue demorado por las autoridades, aunque luego recuper\u00f3 la libertad<\/strong>. Paralelamente, se realiz\u00f3 un allanamiento en el domicilio familiar donde se incautaron diversos elementos para la causa.<\/p>\n<p>De acuerdo con el fiscal Cristian Casais, <strong>la menor evoluciona favorablemente y se encuentra fuera de peligro<\/strong>. Su estado de salud contin\u00faa siendo monitoreado por profesionales m\u00e9dicos.<\/p>\n<p>La investigaci\u00f3n sigue en curso para determinar de qu\u00e9 manera la ni\u00f1a result\u00f3 expuesta a la droga. La causa qued\u00f3 bajo la \u00f3rbita de la <strong>Direcci\u00f3n General de Ni\u00f1ez, Adolescencia y Familia<\/strong>, dependiente del Ministerio de Desarrollo Social y Derechos Humanos.<\/p>\n","protected":false},"excerpt":{"rendered":"<p>La menor est\u00e1 hospitalizada en el Ren\u00e9 Favaloro fuera de peligro, mientras la Justicia investiga c\u00f3mo ocurri\u00f3 la intoxicaci\u00f3n.<\/p>\n","protected":false},"author":1,"featured_media":147931,"comment_status":"","ping_status":"","sticky":false,"template":"","format":"standard","meta":{"om_disable_all_campaigns":false,"_jetpack_memberships_contains_paid_content":false,"footnotes":""},"categories":[3],"tags":[],"class_list":["post-147932","post","type-post","status-publish","format-standard","has-post-thumbnail","hentry","category-nacionales"],"aioseo_notices":[],"gutentor_comment":0,"jetpack_featured_media_url":"https:\/\/eldiariodesanpedro.com.ar\/sitio\/wp-content\/uploads\/2026\/02\/d253dba7-7148-41f8-a1ba-b516bc343039.jpg","jetpack_shortlink":"https:\/\/wp.me\/p6RhLt-Cu0","jetpack_sharing_enabled":true,"_links":{"self":[{"href":"https:\/\/eldiariodesanpedro.com.ar\/sitio\/wp-json\/wp\/v2\/posts\/147932","targetHints":{"allow":["GET"]}}],"collection":[{"href":"https:\/\/eldiariodesanpedro.com.ar\/sitio\/wp-json\/wp\/v2\/posts"}],"about":[{"href":"https:\/\/eldiariodesanpedro.com.ar\/sitio\/wp-json\/wp\/v2\/types\/post"}],"author":[{"embeddable":true,"href":"https:\/\/eldiariodesanpedro.com.ar\/sitio\/wp-json\/wp\/v2\/users\/1"}],"replies":[{"embeddable":true,"href":"https:\/\/eldiariodesanpedro.com.ar\/sitio\/wp-json\/wp\/v2\/comments?post=147932"}],"version-history":[{"count":0,"href":"https:\/\/eldiariodesanpedro.com.ar\/sitio\/wp-json\/wp\/v2\/posts\/147932\/revisions"}],"wp:featuredmedia":[{"embeddable":true,"href":"https:\/\/eldiariodesanpedro.com.ar\/sitio\/wp-json\/wp\/v2\/media\/147931"}],"wp:attachment":[{"href":"https:\/\/eldiariodesanpedro.com.ar\/sitio\/wp-json\/wp\/v2\/media?parent=147932"}],"wp:term":[{"taxonomy":"category","embeddable":true,"href":"https:\/\/eldiariodesanpedro.com.ar\/sitio\/wp-json\/wp\/v2\/categories?post=147932"},{"taxonomy":"post_tag","embeddable":true,"href":"https:\/\/eldiariodesanpedro.com.ar\/sitio\/wp-json\/wp\/v2\/tags?post=147932"}],"curies":[{"name":"wp","href":"https:\/\/api.w.org\/{rel}","templated":true}]}}