{"id":147930,"date":"2026-02-10T19:25:31","date_gmt":"2026-02-10T22:25:31","guid":{"rendered":"https:\/\/eldiariodesanpedro.com.ar\/sitio\/el-indec-reporto-una-inflacion-de-29-en-enero-tras-la-salida-de-lavagna\/"},"modified":"2026-02-10T19:25:31","modified_gmt":"2026-02-10T22:25:31","slug":"el-indec-reporto-una-inflacion-de-29-en-enero-tras-la-salida-de-lavagna","status":"publish","type":"post","link":"https:\/\/eldiariodesanpedro.com.ar\/sitio\/el-indec-reporto-una-inflacion-de-29-en-enero-tras-la-salida-de-lavagna\/","title":{"rendered":"El INDEC Report\u00f3 una Inflaci\u00f3n de 2,9% en Enero Tras la Salida de Lavagna"},"content":{"rendered":"<p><!-- VideographyWP Plugin Message: Automatic video embedding prevented by plugin options. --><\/p>\n<p><strong>El Instituto Nacional de Estad\u00edstica y Censos (INDEC)<\/strong> dio a conocer que la inflaci\u00f3n de enero de 2026 alcanz\u00f3 el <strong>2,9%<\/strong>, mostrando una leve aceleraci\u00f3n frente al 2,8% de diciembre y marcando el registro m\u00e1s elevado desde marzo pasado, cuando la suba de precios fue del 3,7%. Con este incremento, el \u00edndice de precios al consumidor acumula un alza interanual del <strong>32,4%<\/strong>.<\/p>\n<p>El informe del organismo llega tras <strong>la reciente y pol\u00e9mica renuncia de Marco Lavagna<\/strong> como director del INDEC, ocurrida la semana pasada en medio de desacuerdos con el presidente <strong>Javier Milei<\/strong> y el ministro de Econom\u00eda, <strong>Luis Caputo<\/strong>, respecto a los criterios para la actualizaci\u00f3n metodol\u00f3gica.<\/p>\n<p>La medici\u00f3n de enero fue la primera despu\u00e9s de que el Gobierno resolviera <strong>posponer la actualizaci\u00f3n de la f\u00f3rmula del IPC<\/strong>, que iba a incorporar ponderaciones de la Encuesta Nacional de Gastos de los Hogares 2017-2018 y dar mayor peso a los servicios. El \u00edndice finalmente se calcul\u00f3 con la metodolog\u00eda vigente y sin fecha definida para su modificaci\u00f3n.<\/p>\n<p>En cuanto al desglose, la <strong>inflaci\u00f3n n\u00facleo<\/strong> result\u00f3 m\u00e1s baja, ubic\u00e1ndose en <strong>2,6%<\/strong>, con una desaceleraci\u00f3n respecto a diciembre. Los precios estacionales treparon <strong>5,7%<\/strong> y los regulados <strong>2,4%<\/strong>. El registro actual no logra perforar el 2%, una meta clave para el Gobierno que no se alcanza desde agosto, cuando el \u00edndice fue de 1,9%. Desde entonces, el proceso de desinflaci\u00f3n se encuentra estancado, seg\u00fan reflejan los <strong>siete avances mensuales en los \u00faltimos ocho meses<\/strong>.<\/p>\n<p>Pese a que en agosto se hab\u00eda previsto implementar la nueva metodolog\u00eda a partir de este mes, <strong>ni el INDEC ni el Gobierno emitieron comentarios<\/strong> tras la publicaci\u00f3n del dato, y el informe oficial careci\u00f3 de aclaraciones sobre la decisi\u00f3n.<\/p>\n<p>El n\u00famero comunicado super\u00f3 las estimaciones. <strong>Luis Caputo<\/strong> hab\u00eda anticipado una cifra cercana al <strong>2,5%<\/strong>, mientras que las consultoras privadas manejaban proyecciones de entre 2,4% y 2,7%. Por su parte, el Relevamiento de Expectativas de Mercado (REM) del Banco Central situaba la inflaci\u00f3n en <strong>2,4%<\/strong> para enero.<\/p>\n<p>Al analizar los rubros, <strong>alimentos y bebidas<\/strong> impulsaron la suba a nivel nacional con un <strong>4,7%<\/strong>, principalmente por el fuerte aumento en verduras y carnes. Restaurantes y hoteles subieron <strong>4,1%<\/strong> debido al impacto de las vacaciones de verano, y vivienda, agua, electricidad, gas y otros combustibles avanzaron <strong>3%<\/strong>. Otras categor\u00edas quedaron por debajo del promedio general: varios (2,7%), salud (2,3%), transporte, equipamiento y mantenimiento del hogar (1,8%), bebidas alcoh\u00f3licas y tabaco (1,5%), recreaci\u00f3n y cultura (1%) y educaci\u00f3n (0,6%). <strong>Prendas de vestir y calzado<\/strong> registraron una baja del <strong>0,5%<\/strong>.<\/p>\n<p>Especialistas sostienen que el aumento de precios en alimentos tuvo un impacto mayor al previsto, mientras que los incrementos en servicios a\u00fan no lograron compensar esa din\u00e1mica. Entre noviembre de 2023 y enero de 2026, <strong>alquileres y servicios p\u00fablicos<\/strong> acumularon una suba de <strong>56,4%<\/strong>, de acuerdo a informes privados.<\/p>\n<p>Desde el entorno econ\u00f3mico oficial, se destac\u00f3 que la suba de precios ocurre en un contexto de <strong>reacomodamiento de precios relativos<\/strong> y reducci\u00f3n de la demanda de dinero, como resultado del proceso de dolarizaci\u00f3n previo a las elecciones de octubre, cuyo monto excedi\u00f3 el 50% del M2 monetario.<\/p>\n<p>De cara al futuro, al menos hasta el primer trimestre del a\u00f1o, se prev\u00e9 que la inflaci\u00f3n mensual permanezca por encima del 2%. Las proyecciones del REM anticipan <strong>2,1%<\/strong> para febrero y <strong>2,2%<\/strong> para marzo, con una tendencia a la baja a partir de abril.<\/p>\n","protected":false},"excerpt":{"rendered":"<p>El dato de enero es el m\u00e1s alto desde marzo y llega tras la renuncia de Marco Lavagna al frente del instituto. El \u00edndice anual se ubica en 32,4%.<\/p>\n","protected":false},"author":1,"featured_media":147929,"comment_status":"","ping_status":"","sticky":false,"template":"","format":"standard","meta":{"om_disable_all_campaigns":false,"_jetpack_memberships_contains_paid_content":false,"footnotes":""},"categories":[3],"tags":[],"class_list":["post-147930","post","type-post","status-publish","format-standard","has-post-thumbnail","hentry","category-nacionales"],"aioseo_notices":[],"gutentor_comment":0,"jetpack_featured_media_url":"https:\/\/eldiariodesanpedro.com.ar\/sitio\/wp-content\/uploads\/2026\/02\/9nUh8-kcp_2000x1500__1.jpg","jetpack_shortlink":"https:\/\/wp.me\/p6RhLt-CtY","jetpack_sharing_enabled":true,"_links":{"self":[{"href":"https:\/\/eldiariodesanpedro.com.ar\/sitio\/wp-json\/wp\/v2\/posts\/147930","targetHints":{"allow":["GET"]}}],"collection":[{"href":"https:\/\/eldiariodesanpedro.com.ar\/sitio\/wp-json\/wp\/v2\/posts"}],"about":[{"href":"https:\/\/eldiariodesanpedro.com.ar\/sitio\/wp-json\/wp\/v2\/types\/post"}],"author":[{"embeddable":true,"href":"https:\/\/eldiariodesanpedro.com.ar\/sitio\/wp-json\/wp\/v2\/users\/1"}],"replies":[{"embeddable":true,"href":"https:\/\/eldiariodesanpedro.com.ar\/sitio\/wp-json\/wp\/v2\/comments?post=147930"}],"version-history":[{"count":0,"href":"https:\/\/eldiariodesanpedro.com.ar\/sitio\/wp-json\/wp\/v2\/posts\/147930\/revisions"}],"wp:featuredmedia":[{"embeddable":true,"href":"https:\/\/eldiariodesanpedro.com.ar\/sitio\/wp-json\/wp\/v2\/media\/147929"}],"wp:attachment":[{"href":"https:\/\/eldiariodesanpedro.com.ar\/sitio\/wp-json\/wp\/v2\/media?parent=147930"}],"wp:term":[{"taxonomy":"category","embeddable":true,"href":"https:\/\/eldiariodesanpedro.com.ar\/sitio\/wp-json\/wp\/v2\/categories?post=147930"},{"taxonomy":"post_tag","embeddable":true,"href":"https:\/\/eldiariodesanpedro.com.ar\/sitio\/wp-json\/wp\/v2\/tags?post=147930"}],"curies":[{"name":"wp","href":"https:\/\/api.w.org\/{rel}","templated":true}]}}