{"id":147904,"date":"2026-02-10T13:10:00","date_gmt":"2026-02-10T16:10:00","guid":{"rendered":"https:\/\/eldiariodesanpedro.com.ar\/sitio\/arrecifes-intervencion-municipal-detiene-evento-tras-horario-en-el-balneario\/"},"modified":"2026-02-10T13:10:00","modified_gmt":"2026-02-10T16:10:00","slug":"arrecifes-intervencion-municipal-detiene-evento-tras-horario-en-el-balneario","status":"publish","type":"post","link":"https:\/\/eldiariodesanpedro.com.ar\/sitio\/arrecifes-intervencion-municipal-detiene-evento-tras-horario-en-el-balneario\/","title":{"rendered":"ARRECIFES | Intervenci\u00f3n municipal detiene evento tras horario en el balneario"},"content":{"rendered":"<p><!-- VideographyWP Plugin Message: Automatic video embedding prevented by plugin options. --><\/p>\n<p><strong>Inspectores municipales de Arrecifes<\/strong> intervinieron en las primeras horas de la ma\u00f1ana para poner fin a una celebraci\u00f3n post-nocturna que se realizaba en el balneario de la ciudad. La actividad, conocida como after, exced\u00eda el horario permitido seg\u00fan la normativa municipal, lo que motiv\u00f3 la suspensi\u00f3n por parte de las autoridades.<\/p>\n<p>Durante el operativo, los funcionarios constataron la presencia de un importante n\u00famero de j\u00f3venes en el predio, quienes participaban del evento social sin la autorizaci\u00f3n correspondiente. <strong>La medida se tom\u00f3 en resguardo del orden y la seguridad<\/strong>, y debido a reiterados reclamos de vecinos de la zona por ruidos y disturbios en ese sector.<\/p>\n<p>La Municipalidad de Arrecifes record\u00f3 que el uso de los espacios p\u00fablicos implica cumplir con horarios establecidos y normativas vigentes para garantizar el bienestar general. Se reforzar\u00e1n los controles en la costanera y sectores recreativos para evitar acontecimientos similares.<\/p>\n","protected":false},"excerpt":{"rendered":"<p>Inspectores municipales interrumpieron una celebraci\u00f3n fuera de horario en el balneario local debido a incumplimientos de la normativa vigente.<\/p>\n","protected":false},"author":4,"featured_media":147903,"comment_status":"","ping_status":"","sticky":false,"template":"","format":"standard","meta":{"om_disable_all_campaigns":false,"_jetpack_memberships_contains_paid_content":false,"footnotes":""},"categories":[621],"tags":[],"class_list":["post-147904","post","type-post","status-publish","format-standard","has-post-thumbnail","hentry","category-regionales"],"aioseo_notices":[],"gutentor_comment":0,"jetpack_featured_media_url":"https:\/\/eldiariodesanpedro.com.ar\/sitio\/wp-content\/uploads\/2026\/02\/after-quinchos-balneario.jpg","jetpack_shortlink":"https:\/\/wp.me\/p6RhLt-Cty","jetpack_sharing_enabled":true,"_links":{"self":[{"href":"https:\/\/eldiariodesanpedro.com.ar\/sitio\/wp-json\/wp\/v2\/posts\/147904","targetHints":{"allow":["GET"]}}],"collection":[{"href":"https:\/\/eldiariodesanpedro.com.ar\/sitio\/wp-json\/wp\/v2\/posts"}],"about":[{"href":"https:\/\/eldiariodesanpedro.com.ar\/sitio\/wp-json\/wp\/v2\/types\/post"}],"author":[{"embeddable":true,"href":"https:\/\/eldiariodesanpedro.com.ar\/sitio\/wp-json\/wp\/v2\/users\/4"}],"replies":[{"embeddable":true,"href":"https:\/\/eldiariodesanpedro.com.ar\/sitio\/wp-json\/wp\/v2\/comments?post=147904"}],"version-history":[{"count":0,"href":"https:\/\/eldiariodesanpedro.com.ar\/sitio\/wp-json\/wp\/v2\/posts\/147904\/revisions"}],"wp:featuredmedia":[{"embeddable":true,"href":"https:\/\/eldiariodesanpedro.com.ar\/sitio\/wp-json\/wp\/v2\/media\/147903"}],"wp:attachment":[{"href":"https:\/\/eldiariodesanpedro.com.ar\/sitio\/wp-json\/wp\/v2\/media?parent=147904"}],"wp:term":[{"taxonomy":"category","embeddable":true,"href":"https:\/\/eldiariodesanpedro.com.ar\/sitio\/wp-json\/wp\/v2\/categories?post=147904"},{"taxonomy":"post_tag","embeddable":true,"href":"https:\/\/eldiariodesanpedro.com.ar\/sitio\/wp-json\/wp\/v2\/tags?post=147904"}],"curies":[{"name":"wp","href":"https:\/\/api.w.org\/{rel}","templated":true}]}}