{"id":14789,"date":"2017-02-15T21:31:14","date_gmt":"2017-02-16T00:31:14","guid":{"rendered":"https:\/\/eldiariodesanpedro.com.ar\/sitio\/?p=14789"},"modified":"2026-01-24T00:31:03","modified_gmt":"2026-01-24T03:31:03","slug":"ruben-vicens-y-raul-cuello-asistieron-a-la-inauguracion-de-la-nueva-sede-de-la-federacion-de-bochas-de-la-provincia-de-buenos-aires-en-la-ciudad-de-tandil","status":"publish","type":"post","link":"https:\/\/eldiariodesanpedro.com.ar\/sitio\/ruben-vicens-y-raul-cuello-asistieron-a-la-inauguracion-de-la-nueva-sede-de-la-federacion-de-bochas-de-la-provincia-de-buenos-aires-en-la-ciudad-de-tandil\/","title":{"rendered":"Ruben Vicens y Ra\u00fal  Cuello  asistieron a la inauguraci\u00f3n de la nueva sede de la Federaci\u00f3n de Bochas de la Provincia de Buenos Aires en la ciudad de Tandil"},"content":{"rendered":"<p><!-- VideographyWP Plugin Message: Automatic video embedding prevented by plugin options. --><br \/>\nA este evento hist\u00f3rico para las bochas bonaerenses asistieron el presidente y secretario de la Asociaci\u00f3n de Bochas San Pedro, el Sr. Ruben Vicens y Ra\u00fal Cuello.<\/p>\n<p>El 10 y  11 de febrero se realiz\u00f3 la gran inauguraci\u00f3n de la nueva sede en Tandil  de la Federaci\u00f3n de Bochas de la Provincia de Buenos Aires, y la primera reuni\u00f3n de trabajo del consejo directivo en la casa nueva, con la presencia de presidentes de asociaciones de la provincia que tuvieron la deferencia de participar de los festejos, contando tambi\u00e9n con la presencia del Sr. presidente de la Confederaci\u00f3n Argentina de Bochas y presidente de la Confederaci\u00f3n Panamericana de Bochas, Alberto Limardo y se destaca la honrosa distinci\u00f3n por parte de presidencia otorgando a Rub\u00e9n Vicens, presidente de la ABSP, siendo el primer presidente de una afiliada en izar la bandera argentina en una reuni\u00f3n de consejo directivo en la nueva sede.<\/p>\n<p><a href=\"https:\/\/eldiariodesanpedro.com.ar\/sitio\/wp-content\/uploads\/2017\/02\/FOTO-1-16-02-17-VICENS-Y-CUELLO.jpg\"><img decoding=\"async\" data-attachment-id=\"14791\" data-permalink=\"https:\/\/eldiariodesanpedro.com.ar\/sitio\/ruben-vicens-y-raul-cuello-asistieron-a-la-inauguracion-de-la-nueva-sede-de-la-federacion-de-bochas-de-la-provincia-de-buenos-aires-en-la-ciudad-de-tandil\/foto-1-16-02-17-vicens-y-cuello\/\" data-orig-file=\"https:\/\/eldiariodesanpedro.com.ar\/sitio\/wp-content\/uploads\/2017\/02\/FOTO-1-16-02-17-VICENS-Y-CUELLO.jpg\" data-orig-size=\"973,1475\" data-comments-opened=\"1\" data-image-meta=\"{&quot;aperture&quot;:&quot;0&quot;,&quot;credit&quot;:&quot;&quot;,&quot;camera&quot;:&quot;&quot;,&quot;caption&quot;:&quot;&quot;,&quot;created_timestamp&quot;:&quot;0&quot;,&quot;copyright&quot;:&quot;&quot;,&quot;focal_length&quot;:&quot;0&quot;,&quot;iso&quot;:&quot;0&quot;,&quot;shutter_speed&quot;:&quot;0&quot;,&quot;title&quot;:&quot;&quot;,&quot;orientation&quot;:&quot;0&quot;}\" data-image-title=\"FOTO 1 16-02-17 VICENS Y CUELLO\" data-image-description=\"\" data-image-caption=\"\" data-large-file=\"https:\/\/eldiariodesanpedro.com.ar\/sitio\/wp-content\/uploads\/2017\/02\/FOTO-1-16-02-17-VICENS-Y-CUELLO-675x1024.jpg\" data-src=\"https:\/\/eldiariodesanpedro.com.ar\/sitio\/wp-content\/uploads\/2017\/02\/FOTO-1-16-02-17-VICENS-Y-CUELLO-198x300.jpg\" alt=\"\" width=\"198\" height=\"300\" class=\"alignnone size-medium wp-image-14791 lazyload\" data-srcset=\"https:\/\/eldiariodesanpedro.com.ar\/sitio\/wp-content\/uploads\/2017\/02\/FOTO-1-16-02-17-VICENS-Y-CUELLO-198x300.jpg 198w, https:\/\/eldiariodesanpedro.com.ar\/sitio\/wp-content\/uploads\/2017\/02\/FOTO-1-16-02-17-VICENS-Y-CUELLO-768x1164.jpg 768w, https:\/\/eldiariodesanpedro.com.ar\/sitio\/wp-content\/uploads\/2017\/02\/FOTO-1-16-02-17-VICENS-Y-CUELLO-675x1024.jpg 675w, https:\/\/eldiariodesanpedro.com.ar\/sitio\/wp-content\/uploads\/2017\/02\/FOTO-1-16-02-17-VICENS-Y-CUELLO.jpg 973w\" data-sizes=\"(max-width: 198px) 100vw, 198px\" src=\"data:image\/svg+xml;base64,PHN2ZyB3aWR0aD0iMSIgaGVpZ2h0PSIxIiB4bWxucz0iaHR0cDovL3d3dy53My5vcmcvMjAwMC9zdmciPjwvc3ZnPg==\" style=\"--smush-placeholder-width: 198px; --smush-placeholder-aspect-ratio: 198\/300;\" \/><\/a><\/p>\n","protected":false},"excerpt":{"rendered":"<p>A este evento hist\u00f3rico para las bochas bonaerenses asistieron el presidente y secretario de la Asociaci\u00f3n de Bochas San Pedro, el Sr. Ruben Vicens y Ra\u00fal Cuello. El 10 y 11 de febrero se realiz\u00f3 la gran inauguraci\u00f3n de la nueva sede en Tandil de la Federaci\u00f3n de Bochas de la Provincia de Buenos Aires, [&hellip;]<\/p>\n","protected":false},"author":4,"featured_media":14790,"comment_status":"open","ping_status":"closed","sticky":false,"template":"","format":"standard","meta":{"om_disable_all_campaigns":false,"_jetpack_memberships_contains_paid_content":false,"footnotes":""},"categories":[5],"tags":[],"class_list":["post-14789","post","type-post","status-publish","format-standard","has-post-thumbnail","hentry","category-deportes"],"aioseo_notices":[],"gutentor_comment":0,"jetpack_featured_media_url":"https:\/\/eldiariodesanpedro.com.ar\/sitio\/wp-content\/uploads\/2017\/02\/bochas.jpg","jetpack_shortlink":"https:\/\/wp.me\/p6RhLt-3Qx","jetpack_sharing_enabled":true,"_links":{"self":[{"href":"https:\/\/eldiariodesanpedro.com.ar\/sitio\/wp-json\/wp\/v2\/posts\/14789","targetHints":{"allow":["GET"]}}],"collection":[{"href":"https:\/\/eldiariodesanpedro.com.ar\/sitio\/wp-json\/wp\/v2\/posts"}],"about":[{"href":"https:\/\/eldiariodesanpedro.com.ar\/sitio\/wp-json\/wp\/v2\/types\/post"}],"author":[{"embeddable":true,"href":"https:\/\/eldiariodesanpedro.com.ar\/sitio\/wp-json\/wp\/v2\/users\/4"}],"replies":[{"embeddable":true,"href":"https:\/\/eldiariodesanpedro.com.ar\/sitio\/wp-json\/wp\/v2\/comments?post=14789"}],"version-history":[{"count":1,"href":"https:\/\/eldiariodesanpedro.com.ar\/sitio\/wp-json\/wp\/v2\/posts\/14789\/revisions"}],"predecessor-version":[{"id":14792,"href":"https:\/\/eldiariodesanpedro.com.ar\/sitio\/wp-json\/wp\/v2\/posts\/14789\/revisions\/14792"}],"wp:featuredmedia":[{"embeddable":true,"href":"https:\/\/eldiariodesanpedro.com.ar\/sitio\/wp-json\/wp\/v2\/media\/14790"}],"wp:attachment":[{"href":"https:\/\/eldiariodesanpedro.com.ar\/sitio\/wp-json\/wp\/v2\/media?parent=14789"}],"wp:term":[{"taxonomy":"category","embeddable":true,"href":"https:\/\/eldiariodesanpedro.com.ar\/sitio\/wp-json\/wp\/v2\/categories?post=14789"},{"taxonomy":"post_tag","embeddable":true,"href":"https:\/\/eldiariodesanpedro.com.ar\/sitio\/wp-json\/wp\/v2\/tags?post=14789"}],"curies":[{"name":"wp","href":"https:\/\/api.w.org\/{rel}","templated":true}]}}