{"id":147889,"date":"2026-02-10T10:53:47","date_gmt":"2026-02-10T13:53:47","guid":{"rendered":"https:\/\/eldiariodesanpedro.com.ar\/sitio\/?p=147889"},"modified":"2026-02-10T10:53:52","modified_gmt":"2026-02-10T13:53:52","slug":"allanamiento-por-un-robo-secuestran-elementos-y-un-joven-quedo-detenido","status":"publish","type":"post","link":"https:\/\/eldiariodesanpedro.com.ar\/sitio\/allanamiento-por-un-robo-secuestran-elementos-y-un-joven-quedo-detenido\/","title":{"rendered":"Allanamiento por un robo: secuestran elementos y un joven qued\u00f3 detenido"},"content":{"rendered":"<!-- VideographyWP Plugin Message: Automatic video embedding prevented by plugin options. -->\n\n<p>Tras una investigaci\u00f3n y el an\u00e1lisis de c\u00e1maras de seguridad, la Polic\u00eda realiz\u00f3 un allanamiento que permiti\u00f3 secuestrar elementos robados y detener a un joven de 21 a\u00f1os.<\/p>\n\n\n\n<p>Personal del <strong>Gabinete Criminol\u00f3gico<\/strong> de la dependencia policial llev\u00f3 adelante una <strong>diligencia de allanamiento en el marco de una causa por robo<\/strong>, luego de una serie de <strong>tareas investigativas y el an\u00e1lisis de registros de c\u00e1maras de seguridad<\/strong> que permitieron <strong>identificar al presunto autor del hecho<\/strong>.<\/p>\n\n\n\n<p>Seg\u00fan se inform\u00f3, el procedimiento se realiz\u00f3 <strong>en un domicilio ubicado en calle Las Provincias al 2400<\/strong>, donde los efectivos lograron <strong>secuestrar un horno microondas y una prenda de vestir<\/strong>, un pantal\u00f3n que <strong>habr\u00eda sido utilizado por el imputado al momento de cometer el il\u00edcito<\/strong>.<\/p>\n\n\n\n<p>El allanamiento fue autorizado por el <strong>Juzgado de Garant\u00edas San Nicol\u00e1s<\/strong> y se concret\u00f3 sobre un <strong>masculino de 21 a\u00f1os, conocido en el \u00e1mbito delictivo<\/strong>, quien qued\u00f3 <strong>notificado de la causa<\/strong>.<\/p>\n\n\n\n<p>Por disposici\u00f3n de la <strong>Fiscal\u00eda interviniente<\/strong>, el joven <strong>permanece alojado en el sector de calabozos<\/strong>, a la espera de su <strong>primera remisi\u00f3n a sede fiscal<\/strong> para continuar con las actuaciones judiciales correspondientes.<\/p>\n\n\n\n<p>#Policiales #Allanamiento #Robo #Investigaci\u00f3n #Seguridad #Justicia<\/p>\n","protected":false},"excerpt":{"rendered":"<p>Tras una investigaci\u00f3n y el an\u00e1lisis de c\u00e1maras de seguridad, la Polic\u00eda realiz\u00f3 un allanamiento que permiti\u00f3 secuestrar elementos robados y detener a un joven de 21 a\u00f1os. Personal del Gabinete Criminol\u00f3gico de la dependencia policial llev\u00f3 adelante una diligencia de allanamiento en el marco de una causa por robo, luego de una serie de [&hellip;]<\/p>\n","protected":false},"author":4,"featured_media":147890,"comment_status":"closed","ping_status":"closed","sticky":false,"template":"","format":"standard","meta":{"om_disable_all_campaigns":false,"_jetpack_memberships_contains_paid_content":false,"footnotes":""},"categories":[2,103],"tags":[5191,3972,26,4117,6573,8705,5990,7014],"class_list":["post-147889","post","type-post","status-publish","format-standard","has-post-thumbnail","hentry","category-locales","category-policiales-locales","tag-allanamiento-policial","tag-camaras-de-seguridad","tag-detenido","tag-fiscalia-2","tag-gabinete-criminologico","tag-hecho-de-robo","tag-juzgado-de-garantias","tag-secuestro-de-elementos"],"aioseo_notices":[],"gutentor_comment":0,"jetpack_featured_media_url":"https:\/\/eldiariodesanpedro.com.ar\/sitio\/wp-content\/uploads\/2026\/02\/allanamiento.jpg","jetpack_shortlink":"https:\/\/wp.me\/p6RhLt-Ctj","jetpack_sharing_enabled":true,"_links":{"self":[{"href":"https:\/\/eldiariodesanpedro.com.ar\/sitio\/wp-json\/wp\/v2\/posts\/147889","targetHints":{"allow":["GET"]}}],"collection":[{"href":"https:\/\/eldiariodesanpedro.com.ar\/sitio\/wp-json\/wp\/v2\/posts"}],"about":[{"href":"https:\/\/eldiariodesanpedro.com.ar\/sitio\/wp-json\/wp\/v2\/types\/post"}],"author":[{"embeddable":true,"href":"https:\/\/eldiariodesanpedro.com.ar\/sitio\/wp-json\/wp\/v2\/users\/4"}],"replies":[{"embeddable":true,"href":"https:\/\/eldiariodesanpedro.com.ar\/sitio\/wp-json\/wp\/v2\/comments?post=147889"}],"version-history":[{"count":1,"href":"https:\/\/eldiariodesanpedro.com.ar\/sitio\/wp-json\/wp\/v2\/posts\/147889\/revisions"}],"predecessor-version":[{"id":147891,"href":"https:\/\/eldiariodesanpedro.com.ar\/sitio\/wp-json\/wp\/v2\/posts\/147889\/revisions\/147891"}],"wp:featuredmedia":[{"embeddable":true,"href":"https:\/\/eldiariodesanpedro.com.ar\/sitio\/wp-json\/wp\/v2\/media\/147890"}],"wp:attachment":[{"href":"https:\/\/eldiariodesanpedro.com.ar\/sitio\/wp-json\/wp\/v2\/media?parent=147889"}],"wp:term":[{"taxonomy":"category","embeddable":true,"href":"https:\/\/eldiariodesanpedro.com.ar\/sitio\/wp-json\/wp\/v2\/categories?post=147889"},{"taxonomy":"post_tag","embeddable":true,"href":"https:\/\/eldiariodesanpedro.com.ar\/sitio\/wp-json\/wp\/v2\/tags?post=147889"}],"curies":[{"name":"wp","href":"https:\/\/api.w.org\/{rel}","templated":true}]}}